{"id":1816,"date":"2018-08-31T13:53:36","date_gmt":"2018-08-31T12:53:36","guid":{"rendered":"http:\/\/psc-psoe.es\/?p=1816"},"modified":"2019-02-19T13:07:30","modified_gmt":"2019-02-19T12:07:30","slug":"el-psoe-critica-que-gema-igual-esta-convirtiendo-en-un-circo-la-retirada-del-metro-tus-con-el-cambio-de-fecha","status":"publish","type":"post","link":"https:\/\/www.psc-psoe.es\/index.php\/2018\/08\/31\/el-psoe-critica-que-gema-igual-esta-convirtiendo-en-un-circo-la-retirada-del-metro-tus-con-el-cambio-de-fecha\/","title":{"rendered":"El PSOE cr\u00edtica que Gema Igual \u201cest\u00e1 convirtiendo en un circo\u201d la retirada del metro-TUS con el cambio de fecha"},"content":{"rendered":"<p>El secretario general y portavoz del PSOE en el Ayuntamiento de Santander, Pedro Casares, cr\u00edtica que la alcaldesa de Santander, Gema Igual, \u201cest\u00e1 convirtiendo en un circo\u201d la retirada del metro-TUS con el cambio de fecha.<\/p>\n<p>Casares responde as\u00ed al anuncio realizado hoy por la regidora, en el que se\u00f1alaba que la supresi\u00f3n de los trasbordos en las l\u00edneas y la puesta en marcha de las antiguas rutas del TUS podr\u00eda adelantarse al 1 de octubre, coincidiendo con la puesta en servicio del horario de invierno.<\/p>\n<p>\u201cEsto no es serio, cada d\u00eda dicen una cosa distinta, est\u00e1n improvisando de nuevo, confundiendo una vez m\u00e1s a los santanderinos\u201d denuncia el edil, que considera que con este anuncio \u201cla alcaldesa evidencia que el desprop\u00f3sito del metro-TUS no ha acabado\u201d.<\/p>\n<p>Para Casares, \u201cdemuestra una vez m\u00e1s el poco respeto por la ciudadan\u00eda cuando habla con tanta banalidad de un tema tan importante para ellos como es saber si podr\u00e1n volver a usar el transporte urbano con normalidad o tendr\u00e1n que seguir asumiendo los cambios con los que ella y su equipo les llevan perjudicando 7 meses\u201d denuncia.<\/p>\n<p><strong>Petici\u00f3n del PSOE el 21 de agosto<\/strong><\/p>\n<p>El l\u00edder socialista recuerda que el PSOE pidi\u00f3 agilizar la vuelta al servicio anterior el d\u00eda despu\u00e9s del anuncio de la retirada del metro-TUS y en el Pleno \u201cy en ambas ocasiones, la alcaldesa y el concejal de Movilidad nos dijeron que no ser\u00eda posible\u201d.<\/p>\n<p>\u201cEl 21 de agosto pedimos que se agilizar\u00e1n los tr\u00e1mites para evitar prolongar la agon\u00eda a los santanderinos y que recuperar\u00e1n cuanto antes el sistema anterior al 1 de febrero, lo volvimos a pedir este mi\u00e9rcoles 29 de agosto en el Pleno del Ayuntamiento, y nos volvieron a decir que era imposible adelantarlo\u201d.<\/p>\n<p>En este sentido, el portavoz del PSOE acusa a Igual \u201cde quedarse muda en el Pleno cuando la est\u00e1n reprobando, faltando al respeto a la oposici\u00f3n y a la ciudadan\u00eda, y recuperar la voz hoy para hacer un anuncio improvisado porque no tiene nada mejor que contar\u201d.<\/p>\n<p><strong>Esfuerzo de los trabajadores del SMTU<\/strong><\/p>\n<p>A su vez, el l\u00edder de los socialistas santanderinos agradece a los trabajadores del Servicio Municipal de Transporte Urbano (SMTU) el esfuerzo, la paciencia y la comprensi\u00f3n con la que han trabajado estos 7 meses.<\/p>\n<p>\u201cHoy Gema Igual vuelve a pedirles un esfuerzo m\u00e1s, para que se puedan agilizar las gestiones para adelantar la retirada del metro-TUS, despu\u00e9s de hacerlos puesto en el centro de las cr\u00edticas de muchos usuarios durante estos meses\u201d. \u201cTambi\u00e9n a ellos deber\u00eda pedir disculpas, adem\u00e1s de a los usuarios, pero no la hemos escuchado pronunciar perd\u00f3n en ninguno de los casos\u201d critica el edil.<\/p>\n<p>Por \u00faltimo, Pedro Casares considera \u201cinaceptable\u201d que, en la recuperaci\u00f3n del sistema anterior, el equipo de gobierno se niegue a hacer mejoras tal y como pido la Plataforma por la Mejora del Transporte Urbano en Santander \u201cen un gasto de buena voluntad al renunciar a continuar con las protestas tras el anuncio, que tardar\u00e1 en materializarse\u201d. <\/p>\n","protected":false},"excerpt":{"rendered":"<p>El secretario general y portavoz del PSOE en el Ayuntamiento de Santander, Pedro Casares, cr\u00edtica que la alcaldesa de Santander, Gema Igual, \u201cest\u00e1 convirtiendo en un circo\u201d la retirada del metro-TUS con el cambio de fecha. Casares responde as\u00ed al anuncio realizado hoy por la regidora, en el que se\u00f1alaba que la supresi\u00f3n de los [&hellip;]<\/p>\n","protected":false},"author":2,"featured_media":943,"comment_status":"open","ping_status":"open","sticky":false,"template":"","format":"standard","meta":{"tdm_status":"","tdm_grid_status":"","footnotes":""},"categories":[20,16],"tags":[],"class_list":["post-1816","post","type-post","status-publish","format-standard","has-post-thumbnail","hentry","category-santander","category-noticias-santander"],"_links":{"self":[{"href":"https:\/\/www.psc-psoe.es\/index.php\/wp-json\/wp\/v2\/posts\/1816","targetHints":{"allow":["GET"]}}],"collection":[{"href":"https:\/\/www.psc-psoe.es\/index.php\/wp-json\/wp\/v2\/posts"}],"about":[{"href":"https:\/\/www.psc-psoe.es\/index.php\/wp-json\/wp\/v2\/types\/post"}],"author":[{"embeddable":true,"href":"https:\/\/www.psc-psoe.es\/index.php\/wp-json\/wp\/v2\/users\/2"}],"replies":[{"embeddable":true,"href":"https:\/\/www.psc-psoe.es\/index.php\/wp-json\/wp\/v2\/comments?post=1816"}],"version-history":[{"count":0,"href":"https:\/\/www.psc-psoe.es\/index.php\/wp-json\/wp\/v2\/posts\/1816\/revisions"}],"wp:featuredmedia":[{"embeddable":true,"href":"https:\/\/www.psc-psoe.es\/index.php\/wp-json\/wp\/v2\/media\/943"}],"wp:attachment":[{"href":"https:\/\/www.psc-psoe.es\/index.php\/wp-json\/wp\/v2\/media?parent=1816"}],"wp:term":[{"taxonomy":"category","embeddable":true,"href":"https:\/\/www.psc-psoe.es\/index.php\/wp-json\/wp\/v2\/categories?post=1816"},{"taxonomy":"post_tag","embeddable":true,"href":"https:\/\/www.psc-psoe.es\/index.php\/wp-json\/wp\/v2\/tags?post=1816"}],"curies":[{"name":"wp","href":"https:\/\/api.w.org\/{rel}","templated":true}]}}