{"id":1802,"date":"2018-08-20T13:40:51","date_gmt":"2018-08-20T12:40:51","guid":{"rendered":"http:\/\/psc-psoe.es\/?p=1802"},"modified":"2025-04-01T15:18:04","modified_gmt":"2025-04-01T14:18:04","slug":"pedro-casares-considera-una-victoria-ciudadana-la-retirada-del-metro-tus","status":"publish","type":"post","link":"https:\/\/www.psc-psoe.es\/index.php\/2018\/08\/20\/pedro-casares-considera-una-victoria-ciudadana-la-retirada-del-metro-tus\/","title":{"rendered":"Pedro Casares considera \u201cuna victoria ciudadana\u201d  la retirada del metro-TUS"},"content":{"rendered":"<p>El secretario general y portavoz del PSOE en el Ayuntamiento de Santander, Pedro Casares, asegura que la retirada del metro-TUS es \u201cuna victoria ciudadana\u201d, en una primera valoraci\u00f3n a la espera de conocer los detalles de este anuncio, del que ha tenido conocimiento por los medios de comunicaci\u00f3n.<\/p>\n<p>Casares considera que sin el esfuerzo de miles de personas que se han movilizado durante meses \u201chabr\u00eda sido imposible\u201d que el Partido Popular retirara un proyecto que \u201csumaba\u201d el mayor rechazo social y pol\u00edtico de la historia de la ciudad, \u201cen el que todos los partidos pol\u00edticos, asociaciones y vecinos estaban en contra\u201d.<\/p>\n<p>Para el l\u00edder socialista, las protestas y manifestaciones durante estos seis meses han provocado que la alcaldesa de Santander, Gema Igual, \u201cno tenga m\u00e1s alternativa que retirar un mal proyecto con el que han perjudicado la vida diaria de miles de ciudadanos que usaban el autob\u00fas urbano\u201d.<\/p>\n<p>El l\u00edder de los socialistas santanderinos lamenta que \u201chayan tenido que transcurrir seis meses para que el PP asuma que el metro-TUS era un fracaso\u201d, a la vez que pide a Igual que no demore hasta el 1 de noviembre los cambios para recuperar el sistema anterior.<\/p>\n<p>No obstante, Casares recuerda que estos seis meses la alcaldesa de Santander, Gema Igual, ha protagonizado \u201cun ejercicio de cinismo pol\u00edtico sin precedentes\u201d al dar la espalda a todos los que cuestionaban el metro- TUS. \u201cEsperamos que aprenda que la soberbia y la sinraz\u00f3n no conducen a nada\u201d denuncia el edil.<\/p>\n<p>En cualquier caso, el edil recuerda a Igual que no han sido 2,7 millones de euros sino 7 millones \u201clos que se han tirado en este macroproyecto\u201d con la adquisici\u00f3n de cinco autobuses articulados y la construcci\u00f3n de dos intercambiadores que pasar\u00e1n a ser paradas normales de autob\u00fas. \u201cParecen querer ponerse la venda antes de la herida pero ya es imposible que enga\u00f1en a nadie, todo el mundo sabe que el metro-TUS ha sido un despilfarro de dinero p\u00fablico\u201d censura.<br \/>\n\u201cDurante meses dijeron que quienes apoy\u00e1bamos a los santanderinos que protestaban y se manifestaban, \u00e9ramos unos irresponsables. Hoy esas protestas han conducido a la retirada del metro-TUS demostrando que los \u00fanicos irresponsables eran la alcaldesa y el Partido Popular\u201d se\u00f1ala.<\/p>\n<p>Por \u00faltimo, Pedro Casares agradece a la plataforma Transporte Urbano Santander \u201cque jam\u00e1s se rindieran\u201d porque cuando los responsables p\u00fablicos se equivocan y no rectifican \u201csolo una ciudadan\u00eda exigente es capaz de cambiar el rumbo de las cosas\u201d. \u201cEl fin del metro-TUS es el inicio del fin de una forma de gobernar intolerante y agresiva, en la que las imposiciones pasan por encima de los intereses de las personas y de la ciudad\u201d concluye. <\/p>\n","protected":false},"excerpt":{"rendered":"<p>El secretario general y portavoz del PSOE en el Ayuntamiento de Santander, Pedro Casares, asegura que la retirada del metro-TUS es \u201cuna victoria ciudadana\u201d, en una primera valoraci\u00f3n a la espera de conocer los detalles de este anuncio, del que ha tenido conocimiento por los medios de comunicaci\u00f3n. Casares considera que sin el esfuerzo de [&hellip;]<\/p>\n","protected":false},"author":2,"featured_media":1304,"comment_status":"open","ping_status":"open","sticky":false,"template":"","format":"standard","meta":{"tdm_status":"","tdm_grid_status":"","footnotes":""},"categories":[20,16,420],"tags":[],"class_list":["post-1802","post","type-post","status-publish","format-standard","has-post-thumbnail","hentry","category-santander","category-noticias-santander","category-pedro-casares"],"_links":{"self":[{"href":"https:\/\/www.psc-psoe.es\/index.php\/wp-json\/wp\/v2\/posts\/1802","targetHints":{"allow":["GET"]}}],"collection":[{"href":"https:\/\/www.psc-psoe.es\/index.php\/wp-json\/wp\/v2\/posts"}],"about":[{"href":"https:\/\/www.psc-psoe.es\/index.php\/wp-json\/wp\/v2\/types\/post"}],"author":[{"embeddable":true,"href":"https:\/\/www.psc-psoe.es\/index.php\/wp-json\/wp\/v2\/users\/2"}],"replies":[{"embeddable":true,"href":"https:\/\/www.psc-psoe.es\/index.php\/wp-json\/wp\/v2\/comments?post=1802"}],"version-history":[{"count":1,"href":"https:\/\/www.psc-psoe.es\/index.php\/wp-json\/wp\/v2\/posts\/1802\/revisions"}],"predecessor-version":[{"id":10140,"href":"https:\/\/www.psc-psoe.es\/index.php\/wp-json\/wp\/v2\/posts\/1802\/revisions\/10140"}],"wp:featuredmedia":[{"embeddable":true,"href":"https:\/\/www.psc-psoe.es\/index.php\/wp-json\/wp\/v2\/media\/1304"}],"wp:attachment":[{"href":"https:\/\/www.psc-psoe.es\/index.php\/wp-json\/wp\/v2\/media?parent=1802"}],"wp:term":[{"taxonomy":"category","embeddable":true,"href":"https:\/\/www.psc-psoe.es\/index.php\/wp-json\/wp\/v2\/categories?post=1802"},{"taxonomy":"post_tag","embeddable":true,"href":"https:\/\/www.psc-psoe.es\/index.php\/wp-json\/wp\/v2\/tags?post=1802"}],"curies":[{"name":"wp","href":"https:\/\/api.w.org\/{rel}","templated":true}]}}