{"id":1800,"date":"2018-08-09T13:39:16","date_gmt":"2018-08-09T12:39:16","guid":{"rendered":"http:\/\/psc-psoe.es\/?p=1800"},"modified":"2019-02-19T13:08:18","modified_gmt":"2019-02-19T12:08:18","slug":"el-psoe-denuncia-la-desaparicion-de-miles-de-documentos-del-archivo-municipal","status":"publish","type":"post","link":"https:\/\/www.psc-psoe.es\/index.php\/2018\/08\/09\/el-psoe-denuncia-la-desaparicion-de-miles-de-documentos-del-archivo-municipal\/","title":{"rendered":"El PSOE denuncia la desaparici\u00f3n de miles de documentos del Archivo Municipal"},"content":{"rendered":"<p>El secretario general y portavoz del PSOE en el Ayuntamiento de Santander, Pedro Casares, ha denunciado la desaparici\u00f3n de miles de documentos del Archivo Municipal.<\/p>\n<p>Casares asegura que informaci\u00f3n y documentaci\u00f3n relativa a expedientes, archivos y datos personales que se recabaron durante la Dictadura, \u201cy que forman parte de la Memoria Hist\u00f3rica de Santander\u201d han salido del archivo sin ning\u00fan tipo de control.<\/p>\n<p>\u201cEstamos hablando de la historia de muchas santanderinos, que fueron perseguidos, investigados y asediados por tener unas ideas diferentes al franquismo, expedientes y archivos policiales que serv\u00edan para seleccionar a quienes no eran proclives al r\u00e9gimen para limitarles oportunidades laborales y de todo tipo\u201d expresa el l\u00edder socialista.<\/p>\n<p>Unos legajos, documentaci\u00f3n almacenada y ordenada de forma conjunta al tratar de la Memoria Hist\u00f3rica de la ciudad, que como recuerda el portavoz del PSOE, \u201cforman parte del archivo de la depuraci\u00f3n que hacia el franquismo en aquellos a\u00f1os\u201d, y que estaban en el Archivo Municipal, en la \u00faltima planta del Ayuntamiento, desde finales de los a\u00f1os noventa.<\/p>\n<p><strong>Amontonados en una nave municipal en Candina<\/strong><\/p>\n<p>El l\u00edder de los socialistas santanderinos denuncia esta desaparici\u00f3n del Archivo Municipal tras conocer que han aparecido esos documentos amontonados en una nave municipal en el pol\u00edgono de Candina. En este sentido, Casares se pregunta \u201c\u00bfqu\u00e9 tipo de medidas se han aplicado para llevar a cabo este traslado a dicha nave municipal y con qu\u00e9 finalidad est\u00e1n all\u00ed almacenados?\u201d.<\/p>\n<p>Asimismo, el edil destaca que en dicha nave municipal, \u201ctoda esta documentaci\u00f3n hist\u00f3rica\u201d se encuentra en un estado \u201cde semiabandono\u201d sin ning\u00fan tipo de control y sin estar catalogado ni digitalizado \u201ca la vista de la situaci\u00f3n en la que se encuentran, sin condiciones habituales de almacenamiento\u201d.<\/p>\n<p>\u201cEl Archivo Municipal es la memoria viva de nuestra ciudad, donde queda constancia de tantas cuestiones como han sucedido en Santander y mantiene la continuidad del relato de nuestra propia historia\u201d asegura el edil. Quien considera \u201cgrav\u00edsimo\u201d que esos documentos que formaban parte del mismo hoy se encuentren hacinados en una nave municipal en Candina.<\/p>\n<p><strong>Concejal\u00eda de Cultura<\/strong><\/p>\n<p>De la misma manera, Casares quiere saber si la concejala de Cultura \u201cten\u00eda conocimiento de este traslado\u201d y si ha autorizado y supervisado las condiciones en las que se ha producido.<\/p>\n<p>Por ello, el l\u00edder socialista preguntar\u00e1 a la concejala de Cultura en la pr\u00f3xima reuni\u00f3n de la comisi\u00f3n, \u201cporque lo evidente ya lo conocemos a tenor de c\u00f3mo est\u00e1 almacenada esa documentaci\u00f3n en Candina, pero adem\u00e1s de conocer la falta de sensibilidad absoluta del equipo de gobierno, queremos conocer sus intenciones\u201d.<\/p>\n<p>Para Casares, \u201ctodo parece llevar a la conclusi\u00f3n de que es una informaci\u00f3n que al equipo de gobierno no le resulta interesante mantener en el Archivo Municipal, y que est\u00e1 en una nave a riesgo de ser destruida y de qu\u00e9 desaparezca definitivamente\u201d.<\/p>\n<p>El PSOE considera que \u201clos hechos trasladan una sensaci\u00f3n de intranquilidad sobre nuestro patrimonio y nuestro archivo\u201d y por ello, se preguntar\u00e1 si se ha cumplido el protocolo de traslados para este tipo de documentaci\u00f3n.<\/p>\n<p>Adem\u00e1s, desde el PSOE se ha exigido que toda esa documentaci\u00f3n \u201csea protegida de inmediato, para poder ponerla a disposici\u00f3n de investigadores y de la ciudadan\u00eda\u201d.<\/p>\n<p>Por \u00faltimo, Pedro Casares recuerda que \u201cno es la primera vez\u201d en esta legislatura que la concejala de Cultura da muestras de su \u201cfalta de sensibilidad\u201d sobre el patrimonio municipal. \u201cEs conocido por todos la forma en la que se trasladaron otros bienes culturales sin catalogar y sin ning\u00fan tipo de garant\u00eda, bajo mandato de dicha concejala\u201d concluye. <\/p>\n","protected":false},"excerpt":{"rendered":"<p>El secretario general y portavoz del PSOE en el Ayuntamiento de Santander, Pedro Casares, ha denunciado la desaparici\u00f3n de miles de documentos del Archivo Municipal. Casares asegura que informaci\u00f3n y documentaci\u00f3n relativa a expedientes, archivos y datos personales que se recabaron durante la Dictadura, \u201cy que forman parte de la Memoria Hist\u00f3rica de Santander\u201d han [&hellip;]<\/p>\n","protected":false},"author":2,"featured_media":1337,"comment_status":"open","ping_status":"open","sticky":false,"template":"","format":"standard","meta":{"tdm_status":"","tdm_grid_status":"","footnotes":""},"categories":[20,16],"tags":[],"class_list":["post-1800","post","type-post","status-publish","format-standard","has-post-thumbnail","hentry","category-santander","category-noticias-santander"],"_links":{"self":[{"href":"https:\/\/www.psc-psoe.es\/index.php\/wp-json\/wp\/v2\/posts\/1800","targetHints":{"allow":["GET"]}}],"collection":[{"href":"https:\/\/www.psc-psoe.es\/index.php\/wp-json\/wp\/v2\/posts"}],"about":[{"href":"https:\/\/www.psc-psoe.es\/index.php\/wp-json\/wp\/v2\/types\/post"}],"author":[{"embeddable":true,"href":"https:\/\/www.psc-psoe.es\/index.php\/wp-json\/wp\/v2\/users\/2"}],"replies":[{"embeddable":true,"href":"https:\/\/www.psc-psoe.es\/index.php\/wp-json\/wp\/v2\/comments?post=1800"}],"version-history":[{"count":0,"href":"https:\/\/www.psc-psoe.es\/index.php\/wp-json\/wp\/v2\/posts\/1800\/revisions"}],"wp:featuredmedia":[{"embeddable":true,"href":"https:\/\/www.psc-psoe.es\/index.php\/wp-json\/wp\/v2\/media\/1337"}],"wp:attachment":[{"href":"https:\/\/www.psc-psoe.es\/index.php\/wp-json\/wp\/v2\/media?parent=1800"}],"wp:term":[{"taxonomy":"category","embeddable":true,"href":"https:\/\/www.psc-psoe.es\/index.php\/wp-json\/wp\/v2\/categories?post=1800"},{"taxonomy":"post_tag","embeddable":true,"href":"https:\/\/www.psc-psoe.es\/index.php\/wp-json\/wp\/v2\/tags?post=1800"}],"curies":[{"name":"wp","href":"https:\/\/api.w.org\/{rel}","templated":true}]}}