{"id":1796,"date":"2018-08-04T13:36:35","date_gmt":"2018-08-04T12:36:35","guid":{"rendered":"http:\/\/psc-psoe.es\/?p=1796"},"modified":"2025-04-01T15:18:04","modified_gmt":"2025-04-01T14:18:04","slug":"pedro-casares-reivindica-la-integracion-ferroviaria-como-muestra-del-compromiso-del-gobierno-de-espana-con-santander","status":"publish","type":"post","link":"https:\/\/www.psc-psoe.es\/index.php\/2018\/08\/04\/pedro-casares-reivindica-la-integracion-ferroviaria-como-muestra-del-compromiso-del-gobierno-de-espana-con-santander\/","title":{"rendered":"Pedro Casares reivindica la integraci\u00f3n ferroviaria como muestra del compromiso del Gobierno de Espa\u00f1a con Santander"},"content":{"rendered":"<p>El secretario general del PSOE y portavoz municipal en el ayuntamiento de Santander, Pedro Casares, reivindica la autorizaci\u00f3n de firma del convenio para desarrollar la segunda fase de integraci\u00f3n ferroviaria en Santander como muestra del compromiso del Gobierno de Espa\u00f1a con la ciudad.<\/p>\n<p>Casares considera que la aprobaci\u00f3n de esta actuaci\u00f3n, por valor de 187 millones de euros, en la reuni\u00f3n del Consejo de Ministros celebrada ayer, es \u201cla prueba evidente\u201d de que el presidente del Gobierno, Pedro S\u00e1nchez, conoce \u201cperfectamente\u201d las necesidades de la ciudad \u201cy tiene voluntad de afrontarlas.<\/p>\n<p>\u201cEl Gobierno de Espa\u00f1a ha hecho en 60 d\u00edas m\u00e1s por Santander que el Gobierno de Mariano Rajoy en 7 a\u00f1os\u201d asegura Casares, que destaca que ha tenido que producirse un cambio de gobierno \u201cpara que se produzca una noticia tan esperada y que llevaba demasiados a\u00f1os en carpetas encima de la mesa\u201d.<\/p>\n<p><strong>Transformaci\u00f3n de Castilla- Hermida<\/strong><\/p>\n<p>A su vez, el portavoz del PSOE cree que este proyecto es, a su vez, \u201cun reto\u201d para Santander, ya que \u201ces una oportunidad para mejorar la funcionalidad ferroviaria, favorecer la intermodalidad, pero sobre todo para optimizar el uso del espacio y ganar para el disfrute de los santanderinos miles de metros cuadrados de superficie\u201d.<\/p>\n<p>Para el l\u00edder de los socialistas santanderinos, la reordenaci\u00f3n ferroviaria servir\u00e1 para la regeneraci\u00f3n integral de Castilla-Hermida. \u201cLa liberalizaci\u00f3n de todo ese espacio ferroviario transformar\u00e1 una zona de la ciudad, con miles de habitantes, \u201cque necesita de nuevos espacios verdes y dotacionales para mejorar la vida de los vecinos\u201d.<\/p>\n<p>\u201cEste nuevo espacio debe servir para ganarlo para la ciudad, para hacer de toda esa zona un \u00e1rea que sirva para hacer de Santander una ciudad m\u00e1s abierta, m\u00e1s sostenible y que mira al futuro\u201d, afirma Casares.<\/p>\n<p><strong>Lealtad institucional<\/strong><\/p>\n<p>A su vez, el portavoz del PSOE destaca que la colaboraci\u00f3n entre instituciones \u201ces determinante\u201d como se comprueba con la autorizaci\u00f3n de este convenio, y ha permitido que se aceleren los plazos y que la inversi\u00f3n prevista \u201cpuedan ser realidad antes de lo esperado\u201d.<\/p>\n<p>Por \u00faltimo, Pedro Casares agradece que la Delegaci\u00f3n del Gobierno en Cantabria \u201cdesde el primer momento\u201d entendi\u00f3 que este proyecto ferroviario era \u201cfundamental\u201d para Santander y Cantabria \u201cy ha trabajado para que el convenio se firmar\u00e1 cuanto antes\u201d.<\/p>\n<p>En este sentido, el edil critica que la alcaldesa de Santander, Gema Igual, hable de deslealtad institucional por parte del ministerio de Fomento. \u201cLa lealtad siempre es un viaje de ida y vuelta que concierne a dos partes, y ni la alcaldesa ni el Partido Popular pueden hablar en Santander de ninguna otra lealtad que a s\u00ed mismos\u201d enfatiza.<\/p>\n<p>\u201cLo mejor que puede hacer Gema Igual es empezar a trabajar de forma conjunta y colectiva con el Gobierno de Espa\u00f1a y con el Gobierno de Cantabria para que los proyectos que est\u00e1n encima de la mesa lleguen cuanto antes a ser una realidad, siendo leal a los intereses de los santanderinos, que es la \u00fanica lealtad que cuenta en pol\u00edtica\u201d concluye Casares. <\/p>\n","protected":false},"excerpt":{"rendered":"<p>El secretario general del PSOE y portavoz municipal en el ayuntamiento de Santander, Pedro Casares, reivindica la autorizaci\u00f3n de firma del convenio para desarrollar la segunda fase de integraci\u00f3n ferroviaria en Santander como muestra del compromiso del Gobierno de Espa\u00f1a con la ciudad. Casares considera que la aprobaci\u00f3n de esta actuaci\u00f3n, por valor de 187 [&hellip;]<\/p>\n","protected":false},"author":2,"featured_media":827,"comment_status":"open","ping_status":"open","sticky":false,"template":"","format":"standard","meta":{"tdm_status":"","tdm_grid_status":"","footnotes":""},"categories":[20,16,420],"tags":[],"class_list":["post-1796","post","type-post","status-publish","format-standard","has-post-thumbnail","hentry","category-santander","category-noticias-santander","category-pedro-casares"],"_links":{"self":[{"href":"https:\/\/www.psc-psoe.es\/index.php\/wp-json\/wp\/v2\/posts\/1796","targetHints":{"allow":["GET"]}}],"collection":[{"href":"https:\/\/www.psc-psoe.es\/index.php\/wp-json\/wp\/v2\/posts"}],"about":[{"href":"https:\/\/www.psc-psoe.es\/index.php\/wp-json\/wp\/v2\/types\/post"}],"author":[{"embeddable":true,"href":"https:\/\/www.psc-psoe.es\/index.php\/wp-json\/wp\/v2\/users\/2"}],"replies":[{"embeddable":true,"href":"https:\/\/www.psc-psoe.es\/index.php\/wp-json\/wp\/v2\/comments?post=1796"}],"version-history":[{"count":1,"href":"https:\/\/www.psc-psoe.es\/index.php\/wp-json\/wp\/v2\/posts\/1796\/revisions"}],"predecessor-version":[{"id":10141,"href":"https:\/\/www.psc-psoe.es\/index.php\/wp-json\/wp\/v2\/posts\/1796\/revisions\/10141"}],"wp:featuredmedia":[{"embeddable":true,"href":"https:\/\/www.psc-psoe.es\/index.php\/wp-json\/wp\/v2\/media\/827"}],"wp:attachment":[{"href":"https:\/\/www.psc-psoe.es\/index.php\/wp-json\/wp\/v2\/media?parent=1796"}],"wp:term":[{"taxonomy":"category","embeddable":true,"href":"https:\/\/www.psc-psoe.es\/index.php\/wp-json\/wp\/v2\/categories?post=1796"},{"taxonomy":"post_tag","embeddable":true,"href":"https:\/\/www.psc-psoe.es\/index.php\/wp-json\/wp\/v2\/tags?post=1796"}],"curies":[{"name":"wp","href":"https:\/\/api.w.org\/{rel}","templated":true}]}}