{"id":1788,"date":"2018-07-27T13:04:28","date_gmt":"2018-07-27T12:04:28","guid":{"rendered":"http:\/\/psc-psoe.es\/?p=1788"},"modified":"2019-02-19T13:09:45","modified_gmt":"2019-02-19T12:09:45","slug":"el-psoe-lamenta-que-el-ayuntamiento-renuncie-a-organizar-del-campeonato-mundial-de-palas","status":"publish","type":"post","link":"https:\/\/www.psc-psoe.es\/index.php\/2018\/07\/27\/el-psoe-lamenta-que-el-ayuntamiento-renuncie-a-organizar-del-campeonato-mundial-de-palas\/","title":{"rendered":"El PSOE lamenta que el Ayuntamiento renuncie a organizar del Campeonato Mundial de Palas"},"content":{"rendered":"<p>El secretario de organizaci\u00f3n y portavoz adjunto del PSOE en el ayuntamiento de Santander, Daniel Fern\u00e1ndez, lamenta que el equipo de gobierno del Partido Popular en el ayuntamiento de Santander renuncie a organizar del Campeonato Mundial de Palas.<\/p>\n<p>Fern\u00e1ndez se expresa as\u00ed tras la reuni\u00f3n esta ma\u00f1ana del Consejo Rector del Instituto Municipal de Deportes (IMD), en la que el equipo de gobierno ha rechazado la propuesta que presentaron PSOE, PRC e Izquierda Unida para que el ayuntamiento colabore en los pr\u00f3ximos a\u00f1os en la organizaci\u00f3n de esta competici\u00f3n.<\/p>\n<p>Para el concejal socialista \u201ces inadmisible\u201d el \u201cdesinter\u00e9s\u201d del equipo de gobierno del PP, haciendo \u201ccaso omiso\u201d a la propuesta, \u201cque solo significaba implicarse en la organizaci\u00f3n de este evento deportivo \u201c\u00fanico\u201d.<\/p>\n<p>\u201cPropon\u00edamos algo que solo necesitaba de voluntad pol\u00edtica y ganas de apoyar al deporte en nuestra ciudad, como es que el ayuntamiento se implique, colabore y sea participe de la organizaci\u00f3n de un evento que no se celebra en ninguna otra ciudad y que atrae a much\u00edsimas personas que disfrutan practicando un deporte como las palas en la playa\u201d asegura.<\/p>\n<p>Por ello, el dirigente del PSOE denuncia que, ante la negativa del PP, \u201cSantander ha perdido hoy la oportunidad de celebrar cada verano esta competici\u00f3n, tan arraigada a nuestra cultura, al turismo y al deporte en nuestra ciudad\u201d.<\/p>\n<p>En este sentido, Fern\u00e1ndez tilda de \u201cirresponsable\u201d que el PP haya dejado pasar esta nueva oportunidad de comprometerse con \u201cun buen proyecto\u201d como es la celebraci\u00f3n de este evento, que solo en la edici\u00f3n del a\u00f1o pasado, celebrada el 24 de agosto de 2017, congreg\u00f3 en las playas del Sardinero a 1.103 participantes de varios pa\u00edses durante el campeonato \u201cque dur\u00f3 80 horas\u201d.<\/p>\n<p>En este sentido, Fern\u00e1ndez subraya y agradece el inter\u00e9s de la Escuela de Palas de Cantabria por seguir organizando este evento en las playas de Santander \u201cpero no de cualquier manera y a cualquier precio\u201d.<\/p>\n<p>Por \u00faltimo, Daniel Fern\u00e1ndez asegura que el PSOE seguir\u00e1 buscando la forma de apoyar que esta competici\u00f3n vuelva a poder celebrarse en las playas de Santander a partir de 2019. \u201cPor suerte la legislatura est\u00e1 acabando y no estar\u00e1 en sus manos que en los pr\u00f3ximos a\u00f1os el ayuntamiento se desentienda de la celebraci\u00f3n de este evento\u201d ha concluido el edil. <\/p>\n","protected":false},"excerpt":{"rendered":"<p>El secretario de organizaci\u00f3n y portavoz adjunto del PSOE en el ayuntamiento de Santander, Daniel Fern\u00e1ndez, lamenta que el equipo de gobierno del Partido Popular en el ayuntamiento de Santander renuncie a organizar del Campeonato Mundial de Palas. Fern\u00e1ndez se expresa as\u00ed tras la reuni\u00f3n esta ma\u00f1ana del Consejo Rector del Instituto Municipal de Deportes [&hellip;]<\/p>\n","protected":false},"author":2,"featured_media":1736,"comment_status":"open","ping_status":"open","sticky":false,"template":"","format":"standard","meta":{"tdm_status":"","tdm_grid_status":"","footnotes":""},"categories":[20,16],"tags":[],"class_list":["post-1788","post","type-post","status-publish","format-standard","has-post-thumbnail","hentry","category-santander","category-noticias-santander"],"_links":{"self":[{"href":"https:\/\/www.psc-psoe.es\/index.php\/wp-json\/wp\/v2\/posts\/1788","targetHints":{"allow":["GET"]}}],"collection":[{"href":"https:\/\/www.psc-psoe.es\/index.php\/wp-json\/wp\/v2\/posts"}],"about":[{"href":"https:\/\/www.psc-psoe.es\/index.php\/wp-json\/wp\/v2\/types\/post"}],"author":[{"embeddable":true,"href":"https:\/\/www.psc-psoe.es\/index.php\/wp-json\/wp\/v2\/users\/2"}],"replies":[{"embeddable":true,"href":"https:\/\/www.psc-psoe.es\/index.php\/wp-json\/wp\/v2\/comments?post=1788"}],"version-history":[{"count":0,"href":"https:\/\/www.psc-psoe.es\/index.php\/wp-json\/wp\/v2\/posts\/1788\/revisions"}],"wp:featuredmedia":[{"embeddable":true,"href":"https:\/\/www.psc-psoe.es\/index.php\/wp-json\/wp\/v2\/media\/1736"}],"wp:attachment":[{"href":"https:\/\/www.psc-psoe.es\/index.php\/wp-json\/wp\/v2\/media?parent=1788"}],"wp:term":[{"taxonomy":"category","embeddable":true,"href":"https:\/\/www.psc-psoe.es\/index.php\/wp-json\/wp\/v2\/categories?post=1788"},{"taxonomy":"post_tag","embeddable":true,"href":"https:\/\/www.psc-psoe.es\/index.php\/wp-json\/wp\/v2\/tags?post=1788"}],"curies":[{"name":"wp","href":"https:\/\/api.w.org\/{rel}","templated":true}]}}