{"id":1785,"date":"2018-07-20T13:03:00","date_gmt":"2018-07-20T12:03:00","guid":{"rendered":"http:\/\/psc-psoe.es\/?p=1785"},"modified":"2019-02-19T13:09:53","modified_gmt":"2019-02-19T12:09:53","slug":"psoe-y-prc-piden-la-comparecencia-de-los-responsables-de-codelse-y-siec-en-una-comision-extraordinaria-de-cultura","status":"publish","type":"post","link":"https:\/\/www.psc-psoe.es\/index.php\/2018\/07\/20\/psoe-y-prc-piden-la-comparecencia-de-los-responsables-de-codelse-y-siec-en-una-comision-extraordinaria-de-cultura\/","title":{"rendered":"PSOE y PRC piden la comparecencia de los responsables de CODELSE y SIEC en una Comisi\u00f3n Extraordinaria de Cultura"},"content":{"rendered":"<p>Los portavoces de los grupos municipales socialista y regionalista, Pedro Casares y Jos\u00e9 Mar\u00eda Fuentes-Pila, respectivamente, han registrado hoy la solicitud de la celebraci\u00f3n de Comisi\u00f3n extraordinaria de Acci\u00f3n Cultural y Promoci\u00f3n Educativa con un \u00fanico punto del orden d\u00eda: la comparecencia de los responsables de SIEC y Codelse, empresas que estaban acometiendo las obras de remodelaci\u00f3n del Museo de Arte Moderno y Contempor\u00e1neo de Santander (MAS) cuando se produjo el incendio.<\/p>\n<p>As\u00ed lo han decidido tras la celebraci\u00f3n esta ma\u00f1ana de una Comisi\u00f3n de Cultura que han coincidi\u00f3 en calificar de \u201cesperp\u00e9ntica\u201d porque ocho meses despu\u00e9s del incendio y tras un \u201cc\u00famulo de desprop\u00f3sitos\u201d el equipo de Gobierno sigue sin aceptar ninguna responsabilidad y ha optado ahora por \u201cculpar a las empresas de no haber cumplido el contrato con la administraci\u00f3n mientras que, sin embargo, las causas del incendio no se han aclarado hasta el momento\u201d.<\/p>\n<p>El pasado mes de febrero, se celebr\u00f3 una Comisi\u00f3n Extraordinaria a propuesta tambi\u00e9n de ambas formaciones y para la que ya solicitaron la presencia de, entre otros, los responsables de SIEC y CODELSE. Una solicitud que no cumpli\u00f3 entonces el equipo de Gobierno.<\/p>\n<p>PSOE y PRC reiteran ahora esa petici\u00f3n a la vista de que hay, sostienen, un aspecto central que dilucidar: el responsable del Grupo Codelse ha afirmado p\u00fablicamente que el Ayuntamiento sab\u00eda que las alarmas antiincendios estaban desconectadas, porque, de hecho, la empresa traslad\u00f3 un presupuesto al equipo de Gobierno en el que se contemplaban las medidas de protecci\u00f3n del edificio mientras durasen las obras.<\/p>\n<p>Una aseveraci\u00f3n que, que seg\u00fan ha explicado los portavoces del PRC y PSOE, la concejala de Cultural, Mirian D\u00edaz ha negado hoy en Comisi\u00f3n, aunque s\u00ed ha admitido que ese presupuesto exist\u00eda y que ella misma lo firm\u00f3, aunque finalmente no fue aceptado por el Ayuntamiento.<\/p>\n<p><strong>\u201cMuchas dudas\u201d<\/strong><\/p>\n<p>El secretario general del PSOE y portavoz en el Ayuntamiento de Santander, Pedro Casares, considera que la comisi\u00f3n de Cultura celebra hoy \u201cvuelve a generar muchas dudas\u201d sobre la actuaci\u00f3n del Ayuntamiento \u201cy desde luego el PP sigue sin asumir ninguna responsabilidad sobre lo ocurrido\u201d.<\/p>\n<p>\u201cSu estrategia es echar balones fuera y abrir expenderles a las empresas, expedientes que hemos conocido a trav\u00e9s de los medios de comunicaci\u00f3n\u201d, denuncia el edil socialista, a la vez que destaca que \u201cqueremos que el Ayuntamiento convoque una comisi\u00f3n donde vengan las empresas a dar su punto de vista y para que todos podamos contrastar la informaci\u00f3n de las partes\u201d.<\/p>\n<p>Para Casares, \u201clo ocurrido es una muestra m\u00e1s de la falta absoluta de respeto del PP hacia los grupos municipales y solo las cr\u00edticas de la oposici\u00f3n han hecho que hoy la concejal de Cultura haya dado cuenta de ambos expedientes que ya hab\u00edamos le\u00eddo en los medios de comunicaci\u00f3n en d\u00edas atr\u00e1s\u201d.<\/p>\n<p>En este sentido, el portavoz del PSOE denuncia que \u201clo m\u00e1s grave\u201d es el hecho, hoy confirmado, de que nunca se sabr\u00e1 cu\u00e1l ha sido el origen o la causa del incendio.<\/p>\n<p>Por \u00faltimo, Casares critica tambi\u00e9n que la concejala de Cultura no haya aclarado hoy en la comisi\u00f3n, a preguntas del PSOE, el coste total de la reforma del MAS.<\/p>\n<p><strong>\u201cImagen de culpabilidad\u201d<\/strong><\/p>\n<p>Por su parte, el portavoz regionalista, considera que \u201cel PP est\u00e1 jugando a culpar a las empresas no del incendio directamente porque los informes forenses no han podido establecer las causas, pero s\u00ed de incumplir el contrato, para construir una imagen de culpabilidad sobre la que, al menos, tendr\u00e1n algo que decir\u201d<\/p>\n<p>As\u00ed, cree que, \u201cdesde el minuto uno\u201d, con la imagen de los cuadros saliendo del Museo sin ning\u00fan tipo de protecci\u00f3n, la \u201cactuaci\u00f3n del PP ha sido deplorable\u201d y s\u00f3lo ha perseguido un \u00fanico objetivo, \u201cescurrir el bulto y ganar tiempo para que se apacig\u00fcen los \u00e1nimos\u201d. La misma \u201cestrategia\u201d, sostiene, que han seguido con el Metro-Tus y el derrumbe de la Calle del Sol, del que se cumpli\u00f3 ayer un a\u00f1o.<\/p>\n<p>Seg\u00fan ha afirmado, con la petici\u00f3n de esta nueva Comisi\u00f3n el PRC busca \u201clo mismo\u201d que se ha buscado desde el incendio, \u201cque se d\u00e9 informaci\u00f3n veraz y completa a los santanderinos de qu\u00e9 ha pasado, de c\u00f3mo se custodiaba nuestro patrimonio, de qu\u00e9 fall\u00f3 para que pasar\u00e1 lo que pas\u00f3\u201d. En su opini\u00f3n, hay una clara \u201cresponsabilidad pol\u00edtica\u201d que el PP, como siempre, \u201cno quiere asumir\u201d.<\/p>\n<p>La solicitud de Comisi\u00f3n se ha registrado en virtud del art\u00edculo 59 del Reglamento del Pleno, que fija la obligatoriedad de convocar este \u00f3rgano cuando as\u00ed lo pida la cuarta parte de sus miembros. <\/p>\n","protected":false},"excerpt":{"rendered":"<p>Los portavoces de los grupos municipales socialista y regionalista, Pedro Casares y Jos\u00e9 Mar\u00eda Fuentes-Pila, respectivamente, han registrado hoy la solicitud de la celebraci\u00f3n de Comisi\u00f3n extraordinaria de Acci\u00f3n Cultural y Promoci\u00f3n Educativa con un \u00fanico punto del orden d\u00eda: la comparecencia de los responsables de SIEC y Codelse, empresas que estaban acometiendo las obras [&hellip;]<\/p>\n","protected":false},"author":2,"featured_media":1786,"comment_status":"open","ping_status":"open","sticky":false,"template":"","format":"standard","meta":{"tdm_status":"","tdm_grid_status":"","footnotes":""},"categories":[20,16],"tags":[],"class_list":["post-1785","post","type-post","status-publish","format-standard","has-post-thumbnail","hentry","category-santander","category-noticias-santander"],"_links":{"self":[{"href":"https:\/\/www.psc-psoe.es\/index.php\/wp-json\/wp\/v2\/posts\/1785","targetHints":{"allow":["GET"]}}],"collection":[{"href":"https:\/\/www.psc-psoe.es\/index.php\/wp-json\/wp\/v2\/posts"}],"about":[{"href":"https:\/\/www.psc-psoe.es\/index.php\/wp-json\/wp\/v2\/types\/post"}],"author":[{"embeddable":true,"href":"https:\/\/www.psc-psoe.es\/index.php\/wp-json\/wp\/v2\/users\/2"}],"replies":[{"embeddable":true,"href":"https:\/\/www.psc-psoe.es\/index.php\/wp-json\/wp\/v2\/comments?post=1785"}],"version-history":[{"count":0,"href":"https:\/\/www.psc-psoe.es\/index.php\/wp-json\/wp\/v2\/posts\/1785\/revisions"}],"wp:featuredmedia":[{"embeddable":true,"href":"https:\/\/www.psc-psoe.es\/index.php\/wp-json\/wp\/v2\/media\/1786"}],"wp:attachment":[{"href":"https:\/\/www.psc-psoe.es\/index.php\/wp-json\/wp\/v2\/media?parent=1785"}],"wp:term":[{"taxonomy":"category","embeddable":true,"href":"https:\/\/www.psc-psoe.es\/index.php\/wp-json\/wp\/v2\/categories?post=1785"},{"taxonomy":"post_tag","embeddable":true,"href":"https:\/\/www.psc-psoe.es\/index.php\/wp-json\/wp\/v2\/tags?post=1785"}],"curies":[{"name":"wp","href":"https:\/\/api.w.org\/{rel}","templated":true}]}}