{"id":1778,"date":"2018-06-19T12:56:33","date_gmt":"2018-06-19T11:56:33","guid":{"rendered":"http:\/\/psc-psoe.es\/?p=1778"},"modified":"2019-02-19T13:10:30","modified_gmt":"2019-02-19T12:10:30","slug":"el-psoe-reivindica-los-primeros-dias-del-gobierno-de-pedro-sanchez-que-han-situado-como-prioridad-la-agenda-social","status":"publish","type":"post","link":"https:\/\/www.psc-psoe.es\/index.php\/2018\/06\/19\/el-psoe-reivindica-los-primeros-dias-del-gobierno-de-pedro-sanchez-que-han-situado-como-prioridad-la-agenda-social\/","title":{"rendered":"El PSOE reivindica los primeros d\u00edas del Gobierno de Pedro S\u00e1nchez que han situado como prioridad la agenda social"},"content":{"rendered":"<p>El PSOE de Santander ha organizado esta tarde una charla- coloquio sobre la agenda social y la pol\u00edtica econ\u00f3mica del Gobierno de Pedro S\u00e1nchez, en la que ha participado el secretario de Econom\u00eda de la Comisi\u00f3n Ejecutiva Federal del PSOE, Manuel Escudero.<\/p>\n<p>En el acto, en el que Escudero ha estado acompa\u00f1ado por los secretarios generales del PSOE de Cantabria y del PSOE de Santander, Pablo Zuloaga y Pedro Casares; y la secretaria de Econom\u00eda del PSOE de Cantabria y vicesecretaria general de la agrupaci\u00f3n santanderina, Ainoa Qui\u00f1ones, que ha moderado el coloquio.<\/p>\n<p>Los socialistas han aprovechado este encuentro para reivindicar los primeros d\u00edas del Gobierno de Pedro S\u00e1nchez que han situado como prioridad la agenda social.<br \/>\nDurante su intervenci\u00f3n, Escudero ha destacado \u201cel PSOE est\u00e1 haciendo historia\u201d y \u201ctoda la militancia es protagonista de esa historia\u201d. Para el responsable federal de Econom\u00eda \u201cestamos viviendo todos una parte de la historia de nuestro pa\u00eds que leeremos pronto en los libros de historia\u201d.<\/p>\n<p>Escudero ha se\u00f1alado que el PSOE, ahora en el Gobierno de Pedro S\u00e1nchez quiere hacer lo b\u00e1sico \u201cdesde el punto de vista de la estabilidad presupuestaria y macroecon\u00f3mica, de la decencia pol\u00edtica y la decencia social\u201d. En ese sentido ha expresado el compromiso de los socialistas con los Presupuestos aprobados por el Congreso y ha recordado que fue el PP el que \u201cprometi\u00f3\u201d rebajar el d\u00e9ficit p\u00fablico a un 2,2% del PIB.<\/p>\n<p>Por su parte, Pablo Zuloaga, que hoy ha sido nombrado oficialmente Delegado del Gobierno en Cantabria, ha afirmado que el Gobierno de Pedro S\u00e1nchez \u201cnos ha hecho sentir a\u00fan m\u00e1s el orgullo de militar en el PSOE\u201d y tambi\u00e9n a la ciudadan\u00eda \u201cque ha recibido a los 17 ministros y ministras con ilusi\u00f3n y esperanza\u201d.<\/p>\n<p>\u201cTodos recordamos los hechos hist\u00f3ricos que ha vivido el PSOE desde el pasado 1 de octubre en el que la militancia recuper\u00f3 el pulso de la organizaci\u00f3n que se construye de abajo a arriba y de arriba abajo y nos hace a todos iguales para defender las propuestas socialistas\u201d ha destacado.<br \/>\nAs\u00ed ha recordado que \u201cse han superado las primeras crisis de Gobierno cuando hemos tenido que relevar al ministro de Cultura, M\u00e0xim Huerta, que ha puesto muy alto el nivel de la \u00e9tica y la transparencia, dimitiendo en pocas horas con una actitud intachable\u201d.<\/p>\n<p>\u201cEn tan solo quince d\u00edas Pedro S\u00e1nchez ha hecho al PSOE recuperar la credibilidad y la coherencia como secretario general, tambi\u00e9n cuando mantuvo el no es no y ahora con una moci\u00f3n de censura para expulsar la corrupci\u00f3n del Gobierno de Espa\u00f1a\u201d ha subrayado Zuloaga.<\/p>\n<p>Para el l\u00edder de los socialistas c\u00e1ntabros \u201chay muchos retos por delante\u201d y el PSOE va a demostrar que \u201cest\u00e1 muy vivo, que tenemos muchas propuestas a desarrollar en el futuro para lograr y consolidar la confianza de la mayor\u00eda progresista\u201d.<\/p>\n<p>Pedro Casares ha afirmado que las primeras medidas adoptadas \u201chacen que este Gobierno demuestre con hechos que quiere que nuestro pa\u00eds entre por fin en el siglo XXI\u201d, destacando la creaci\u00f3n de nuevos impuestos para financiar el sistema p\u00fablico de pensiones, la subida del salario m\u00ednimo interprofesional.<\/p>\n<p>\u201cEste Gobierno ha hecho con el rescate del Aquarius un ejercicio no solo de solidaridad sino tambi\u00e9n de humanidad, marcando una nueva forma de entender la pol\u00edtica migratoria en la UE\u201d ha explicado.<\/p>\n<p>As\u00ed como la recuperaci\u00f3n del acceso a la sanidad p\u00fablica universal, la eliminaci\u00f3n de copagos a los pensionistas, la elaboraci\u00f3n de una Ley de Eutanasia, el cumplimiento de la Ley de Memoria Hist\u00f3rica o la creaci\u00f3n de un Alto Comisionado 2030 para cumplir los objetivos de Desarrollo Sostenible.<\/p>\n<p>De la misma forma, el secretario general de los socialistas de Santander, Pedro Casares, ha destacado que el Gobierno de S\u00e1nchez es un gobierno \u201ccon unos objetivos muy claros\u201d, como son la consolidaci\u00f3n y modernizaci\u00f3n de la econom\u00eda, fortalecer la cohesi\u00f3n social y llevar a cabo la regeneraci\u00f3n democr\u00e1tica.<\/p>\n<p>\u201cEs un Gobierno con una agenda social determinante para acometer la transformaci\u00f3n social que necesita el pa\u00eds y que pasa por devolver la dignidad a la pol\u00edtica, la decencia a las instituciones y los derechos y libertades a la ciudadan\u00eda\u201d ha enfatizado Casares.<\/p>\n<p>Para el dirigente socialista, las primeras acciones de Pedro S\u00e1nchez demuestran que \u201ctiene una hoja de ruta muy clara\u201d para alcanzar los niveles de bienestar social arrebatados por las injustas pol\u00edticas del Partido Popular \u201ccentr\u00e1ndose en recuperar la mejora de la calidad de vida de la gente como objetivo primordial\u201d.<\/p>\n<p>Entre ellas, Casares ha destacado la creaci\u00f3n de un Alto Comisionado contra la pobreza infantil \u201cque es el retrato m\u00e1s triste y que m\u00e1s nos debe avergonzar como espa\u00f1oles\u201d, la creaci\u00f3n de un ministerio de Transici\u00f3n Ecol\u00f3gica \u201cque aglutina las pol\u00edticas para defender el medio ambiente, la apuesta por la energ\u00eda renovable o la lucha contra el cambio clim\u00e1tico.<\/p>\n<p>Tambi\u00e9n ha se\u00f1alado como \u201cdeterminante\u201d que el ministerio de Igualdad se circunscriba a la Vicepresidencia del Gobierno \u201csituando pol\u00edticas para combatir la brecha salarial y laboral o la lucha contra la violencia de g\u00e9nero en el primer nivel de la agenda pol\u00edtica del pa\u00eds\u201d.<\/p>\n<p>\u201cLa lacra de la violencia machista no cesa y vemos como en los \u00faltimos tres d\u00edas han sido asesinadas cuatro mujeres que obligan a redoblar los esfuerzos para hacer cumplir el Pacto de Estado\u201d se\u00f1ala.<\/p>\n<p>Por \u00faltimo, el l\u00edder socialista de la capital de Cantabria ha recordado que el Gobierno no ha olvidado garantizar la estabilidad presupuestaria \u201ccomo pidi\u00f3 el Presidente a los ministros en su primera reuni\u00f3n\u201d y a su vez reabrir el di\u00e1logo territorial y normalizar la relaci\u00f3n con Catalu\u00f1a \u201ca base de di\u00e1logo y acuerdo\u201d. <\/p>\n","protected":false},"excerpt":{"rendered":"<p>El PSOE de Santander ha organizado esta tarde una charla- coloquio sobre la agenda social y la pol\u00edtica econ\u00f3mica del Gobierno de Pedro S\u00e1nchez, en la que ha participado el secretario de Econom\u00eda de la Comisi\u00f3n Ejecutiva Federal del PSOE, Manuel Escudero. En el acto, en el que Escudero ha estado acompa\u00f1ado por los secretarios [&hellip;]<\/p>\n","protected":false},"author":2,"featured_media":1779,"comment_status":"open","ping_status":"open","sticky":false,"template":"","format":"standard","meta":{"tdm_status":"","tdm_grid_status":"","footnotes":""},"categories":[20,16],"tags":[],"class_list":["post-1778","post","type-post","status-publish","format-standard","has-post-thumbnail","hentry","category-santander","category-noticias-santander"],"_links":{"self":[{"href":"https:\/\/www.psc-psoe.es\/index.php\/wp-json\/wp\/v2\/posts\/1778","targetHints":{"allow":["GET"]}}],"collection":[{"href":"https:\/\/www.psc-psoe.es\/index.php\/wp-json\/wp\/v2\/posts"}],"about":[{"href":"https:\/\/www.psc-psoe.es\/index.php\/wp-json\/wp\/v2\/types\/post"}],"author":[{"embeddable":true,"href":"https:\/\/www.psc-psoe.es\/index.php\/wp-json\/wp\/v2\/users\/2"}],"replies":[{"embeddable":true,"href":"https:\/\/www.psc-psoe.es\/index.php\/wp-json\/wp\/v2\/comments?post=1778"}],"version-history":[{"count":0,"href":"https:\/\/www.psc-psoe.es\/index.php\/wp-json\/wp\/v2\/posts\/1778\/revisions"}],"wp:featuredmedia":[{"embeddable":true,"href":"https:\/\/www.psc-psoe.es\/index.php\/wp-json\/wp\/v2\/media\/1779"}],"wp:attachment":[{"href":"https:\/\/www.psc-psoe.es\/index.php\/wp-json\/wp\/v2\/media?parent=1778"}],"wp:term":[{"taxonomy":"category","embeddable":true,"href":"https:\/\/www.psc-psoe.es\/index.php\/wp-json\/wp\/v2\/categories?post=1778"},{"taxonomy":"post_tag","embeddable":true,"href":"https:\/\/www.psc-psoe.es\/index.php\/wp-json\/wp\/v2\/tags?post=1778"}],"curies":[{"name":"wp","href":"https:\/\/api.w.org\/{rel}","templated":true}]}}