{"id":1769,"date":"2018-06-15T12:48:20","date_gmt":"2018-06-15T11:48:20","guid":{"rendered":"http:\/\/psc-psoe.es\/?p=1769"},"modified":"2019-02-19T13:10:50","modified_gmt":"2019-02-19T12:10:50","slug":"el-psoe-pide-la-mejora-de-las-instalaciones-deportivas-en-el-barrio-pesquero","status":"publish","type":"post","link":"https:\/\/www.psc-psoe.es\/index.php\/2018\/06\/15\/el-psoe-pide-la-mejora-de-las-instalaciones-deportivas-en-el-barrio-pesquero\/","title":{"rendered":"El PSOE pide la mejora de las instalaciones deportivas en el Barrio Pesquero"},"content":{"rendered":"<p>El secretario general y portavoz del PSOE en el Ayuntamiento de Santander, Pedro Casares, ha realizado hoy una visita al Barrio Pesquero, donde se ha reunido con vecinos y hosteleros que le han trasladado la situaci\u00f3n del barrio.<\/p>\n<p>Casares continua, con esta visita, con la campa\u00f1a de escucha activa con la que recorre Santander para mantener \u201cun di\u00e1logo fluido y permanente\u201d con los vecinos de todos los barrios y zonas \u201cpara escuchar sus necesidades, ideas y propuestas para mejorar la ciudad\u201d.<\/p>\n<p><strong>Mejorar las instalaciones deportivas<\/strong><\/p>\n<p>El l\u00edder de los socialistas santanderinos considera necesario mejorar de la calidad de vida en barrios \u201ccomo el Pesquero\u201d, mejorando dotaciones y equipamientos deportivos que permitan la pr\u00e1ctica del deporte \u201cen el entorno en el que viven los vecinos\u201d y tambi\u00e9n manteniendo los servicios, instalaciones e infraestructuras.<\/p>\n<p>As\u00ed, Casares recuerda que en marzo de 2018 se adjudic\u00f3 el plan de mejora de pistas deportivas por valor de 1.186.072 millones de euros \u201cpero nada se ha hecho a\u00fan en zonas como el Barrio Pesquero que entraban dentro de las pistas a mejorar\u201d.<\/p>\n<p>\u201cTenemos que convertir e integrar esta zona de Santander en la oferta cultural y deportiva local\u201d asegura como prop\u00f3sito el edil, que cr\u00edtica el traslado de los talleres art\u00edsticos que hasta ahora se desarrollaban en la nave conocida como la Ensenada del Arte. \u201cSe perdi\u00f3 as\u00ed un espacio que se ha consolidado en estos diez a\u00f1os como un referente cultural de Santander, ubic\u00e1ndose en el Barrio Pesquero para llevar m\u00e1s de un a\u00f1o sin ubicaci\u00f3n definitiva\u201d subraya el edil.<\/p>\n<p>De la misma forma, el edil considera \u201cprioritario\u201d llevar a cabo la demolici\u00f3n del vivero en la calle Marqu\u00e9s de la Ensenada \u201cy ampliar de esa forma el paseo y ganar espacios para los vecinos\u201d.<\/p>\n<p><strong>Mantenimiento de infraestructuras y mobiliario urbano<\/strong><\/p>\n<p>\u201cNo solo hay que hacer obra nueva en una ciudad, tambi\u00e9n es necesario llevar a cabo un seguimiento de las infraestructuras mobiliario urbano, el funcionamiento regular del servicio de recogida de basuras y limpieza viaria o la mejora de las instalaciones, y aqu\u00ed como en tantos otros barrios no se est\u00e1 haciendo\u201d denuncia Casares.<\/p>\n<p>Para quien, el estado de las aceras, los bancos, la situaci\u00f3n de la red de suministro el\u00e9ctrico o el estado de las canchas deportivas de Marqu\u00e9s de la Ensenada \u201cson reflejo de la inacci\u00f3n del Partido Popular por mantener y cuidar los espacios urbanos\u201d.<\/p>\n<p>Por \u00faltimo, Pedro Casares ha puesto en valor la contribuci\u00f3n del Barrio Pesquero a mantener \u201cintactas\u201d las tradiciones y a conservar en sus calles y en sus vecinos \u201cel sabor y el esp\u00edritu marinero de Santander\u201d. \u201cEl Barrio Pesquero es la suma de generaciones de gente de la mar, de gente honrada y trabajadora que representan la mejor imagen de nuestra ciudad\u201d.<\/p>\n<p>As\u00ed se lo ha trasladado a la asociaci\u00f3n de vecinos de Sotileza, con los que ha mantenido un encuentro, en el que ha podido comprobar \u201cel compromiso y el tes\u00f3n\u201d con los que la junta directiva de la asociaci\u00f3n est\u00e1 ya trabajando para organizar las fiestas del Carmen.<\/p>\n<p>\u201cSin el esfuerzo de estas personas, sin su trabajo voluntario para la comunidad, organizando las fiestas, ser\u00eda imposible que el resto de santanderinos pudi\u00e9semos disfrutar de ellas\u201d ha se\u00f1alado el edil, que les ha agradecido su labor por el Barrio Pesquero. <\/p>\n","protected":false},"excerpt":{"rendered":"<p>El secretario general y portavoz del PSOE en el Ayuntamiento de Santander, Pedro Casares, ha realizado hoy una visita al Barrio Pesquero, donde se ha reunido con vecinos y hosteleros que le han trasladado la situaci\u00f3n del barrio. Casares continua, con esta visita, con la campa\u00f1a de escucha activa con la que recorre Santander para [&hellip;]<\/p>\n","protected":false},"author":2,"featured_media":1771,"comment_status":"open","ping_status":"open","sticky":false,"template":"","format":"standard","meta":{"tdm_status":"","tdm_grid_status":"","footnotes":""},"categories":[20,16],"tags":[],"class_list":["post-1769","post","type-post","status-publish","format-standard","has-post-thumbnail","hentry","category-santander","category-noticias-santander"],"_links":{"self":[{"href":"https:\/\/www.psc-psoe.es\/index.php\/wp-json\/wp\/v2\/posts\/1769","targetHints":{"allow":["GET"]}}],"collection":[{"href":"https:\/\/www.psc-psoe.es\/index.php\/wp-json\/wp\/v2\/posts"}],"about":[{"href":"https:\/\/www.psc-psoe.es\/index.php\/wp-json\/wp\/v2\/types\/post"}],"author":[{"embeddable":true,"href":"https:\/\/www.psc-psoe.es\/index.php\/wp-json\/wp\/v2\/users\/2"}],"replies":[{"embeddable":true,"href":"https:\/\/www.psc-psoe.es\/index.php\/wp-json\/wp\/v2\/comments?post=1769"}],"version-history":[{"count":0,"href":"https:\/\/www.psc-psoe.es\/index.php\/wp-json\/wp\/v2\/posts\/1769\/revisions"}],"wp:featuredmedia":[{"embeddable":true,"href":"https:\/\/www.psc-psoe.es\/index.php\/wp-json\/wp\/v2\/media\/1771"}],"wp:attachment":[{"href":"https:\/\/www.psc-psoe.es\/index.php\/wp-json\/wp\/v2\/media?parent=1769"}],"wp:term":[{"taxonomy":"category","embeddable":true,"href":"https:\/\/www.psc-psoe.es\/index.php\/wp-json\/wp\/v2\/categories?post=1769"},{"taxonomy":"post_tag","embeddable":true,"href":"https:\/\/www.psc-psoe.es\/index.php\/wp-json\/wp\/v2\/tags?post=1769"}],"curies":[{"name":"wp","href":"https:\/\/api.w.org\/{rel}","templated":true}]}}