{"id":1761,"date":"2018-06-07T12:41:00","date_gmt":"2018-06-07T11:41:00","guid":{"rendered":"http:\/\/psc-psoe.es\/?p=1761"},"modified":"2019-02-19T13:11:10","modified_gmt":"2019-02-19T12:11:10","slug":"psoe-prc-e-iu-pediran-que-el-ayuntamiento-colabore-con-la-organizacion-del-campeonato-mundial-de-palas","status":"publish","type":"post","link":"https:\/\/www.psc-psoe.es\/index.php\/2018\/06\/07\/psoe-prc-e-iu-pediran-que-el-ayuntamiento-colabore-con-la-organizacion-del-campeonato-mundial-de-palas\/","title":{"rendered":"PSOE, PRC e IU pedir\u00e1n que el Ayuntamiento colabore con la organizaci\u00f3n del Campeonato Mundial de Palas"},"content":{"rendered":"<p>Los grupos municipales del PSOE, PRC e Izquierda Unida pedir\u00e1n en la pr\u00f3xima reuni\u00f3n del Instituto Municipal de Deportes (IMD) que el Ayuntamiento de Santander colabore con la organizaci\u00f3n del Campeonato Mundial de Palas.<\/p>\n<p>Daniel Fern\u00e1ndez, Vicente Nieto y Miguel Saro, concejales del PSOE, PRC e IU respectivamente, y que forman parte del Consejo Rector del IMD, realizar\u00e1n esta propuesta porque consideran que \u201cha quedado totalmente claro que no hay justificaci\u00f3n alguna para que el Ayuntamiento se desentienda de la celebraci\u00f3n de este evento\u201d.<\/p>\n<p>Para los ediles, la Escuela de Palas de Cantabria ha explicado que quiere seguir organizando el evento \u201cpero no de cualquier manera y a cualquier precio\u201d, a la vez que han denunciado que en ning\u00fan caso han sentido el apoyo ni la implicaci\u00f3n del ayuntamiento. \u201cEs inadmisible el desinter\u00e9s\u201d censuran.<\/p>\n<p>\u201cSantander no puede perder la oportunidad de celebrar cada verano esta competici\u00f3n, tan arraigada a nuestra cultura, al turismo y al deporte en nuestra ciudad porque ser\u00eda un error y un ejercicio de absoluta irresponsabilidad\u201d critican sociales, regionalistas e IU.<\/p>\n<p>En este sentido, consideran que \u201cla ciudad no puede permitirse perder un evento de estas caracter\u00edsticas\u201d, que solo en la edici\u00f3n del a\u00f1o pasado, celebrada el 24 de agosto de 2017, congreg\u00f3 en las playas del Sardinero a 1.103 participantes de varios pa\u00edses durante el campeonato \u201cque dur\u00f3 80 horas\u201d.<\/p>\n<p>Para los tres grupos municipales, \u201cel Campeonato se estaba consolidando como uno de los eventos del verano santanderino, una buena ocasi\u00f3n para practicar un deporte que une a j\u00f3venes y mayores, y permite disfrutar a todo el mundo en nuestras playas de un evento que daba vida al Sardinero en verano\u201d. \u201cA d\u00eda de hoy es un evento \u00fanico en el mundo\u201d aseguran, a la vez que lamentan que en el verano de 2018 \u201cno pueda celebrarse\u201d.<\/p>\n<p>Por ello, piden al equipo de gobierno que deje de buscar argumentos para justificar su posici\u00f3n \u201cporque como la explicado la Escuela de Palas de los 70.000 euros previstos en el presupuesto inicial, solo se gastaron 35.000 al no contar con apoyos y subvenciones\u201d.<\/p>\n<p>\u201cCreemos sinceramente que la actitud del equipo de gobierno del PP es bastante surrealista, la Escuela de Palas al no contar con las subvenciones a tiempo, redujo el presupuesto del evento y cuatro meses despu\u00e9s de celebrar el evento recibieron la subvenci\u00f3n municipal, lo cual demuestra lo rocambolesco del funcionamiento del ayuntamiento\u201d se\u00f1alan.<\/p>\n<p>Por \u00faltimo, PSOE, PRC e IU aseguran que buscar\u00e1n la complicidad y el apoyo del resto de integrantes del Consejo Rector del IMD para que este proyecto salga adelante \u201cy el Ayuntamiento se comprometa a celebrar este campeonato en 2019\u201d. <\/p>\n","protected":false},"excerpt":{"rendered":"<p>Los grupos municipales del PSOE, PRC e Izquierda Unida pedir\u00e1n en la pr\u00f3xima reuni\u00f3n del Instituto Municipal de Deportes (IMD) que el Ayuntamiento de Santander colabore con la organizaci\u00f3n del Campeonato Mundial de Palas. Daniel Fern\u00e1ndez, Vicente Nieto y Miguel Saro, concejales del PSOE, PRC e IU respectivamente, y que forman parte del Consejo Rector [&hellip;]<\/p>\n","protected":false},"author":2,"featured_media":1762,"comment_status":"open","ping_status":"open","sticky":false,"template":"","format":"standard","meta":{"tdm_status":"","tdm_grid_status":"","footnotes":""},"categories":[20,16],"tags":[],"class_list":["post-1761","post","type-post","status-publish","format-standard","has-post-thumbnail","hentry","category-santander","category-noticias-santander"],"_links":{"self":[{"href":"https:\/\/www.psc-psoe.es\/index.php\/wp-json\/wp\/v2\/posts\/1761","targetHints":{"allow":["GET"]}}],"collection":[{"href":"https:\/\/www.psc-psoe.es\/index.php\/wp-json\/wp\/v2\/posts"}],"about":[{"href":"https:\/\/www.psc-psoe.es\/index.php\/wp-json\/wp\/v2\/types\/post"}],"author":[{"embeddable":true,"href":"https:\/\/www.psc-psoe.es\/index.php\/wp-json\/wp\/v2\/users\/2"}],"replies":[{"embeddable":true,"href":"https:\/\/www.psc-psoe.es\/index.php\/wp-json\/wp\/v2\/comments?post=1761"}],"version-history":[{"count":0,"href":"https:\/\/www.psc-psoe.es\/index.php\/wp-json\/wp\/v2\/posts\/1761\/revisions"}],"wp:featuredmedia":[{"embeddable":true,"href":"https:\/\/www.psc-psoe.es\/index.php\/wp-json\/wp\/v2\/media\/1762"}],"wp:attachment":[{"href":"https:\/\/www.psc-psoe.es\/index.php\/wp-json\/wp\/v2\/media?parent=1761"}],"wp:term":[{"taxonomy":"category","embeddable":true,"href":"https:\/\/www.psc-psoe.es\/index.php\/wp-json\/wp\/v2\/categories?post=1761"},{"taxonomy":"post_tag","embeddable":true,"href":"https:\/\/www.psc-psoe.es\/index.php\/wp-json\/wp\/v2\/tags?post=1761"}],"curies":[{"name":"wp","href":"https:\/\/api.w.org\/{rel}","templated":true}]}}