{"id":1756,"date":"2018-06-05T12:30:44","date_gmt":"2018-06-05T11:30:44","guid":{"rendered":"http:\/\/psc-psoe.es\/?p=1756"},"modified":"2019-02-19T13:11:17","modified_gmt":"2019-02-19T12:11:17","slug":"el-psoe-denuncia-el-fracaso-del-sistema-para-inscribirse-en-los-cursos-de-verano-del-imd","status":"publish","type":"post","link":"https:\/\/www.psc-psoe.es\/index.php\/2018\/06\/05\/el-psoe-denuncia-el-fracaso-del-sistema-para-inscribirse-en-los-cursos-de-verano-del-imd\/","title":{"rendered":"El PSOE denuncia el fracaso del sistema para inscribirse en los cursos de verano del IMD"},"content":{"rendered":"<p>El secretario de Organizaci\u00f3n y portavoz adjunto del PSOE en el Ayuntamiento de Santander, Daniel Fernandez, denuncia el fracaso del sistema para inscribirse en los cursos de verano del Instituto Municipal de Deportes (IMD).<\/p>\n<p>Fernandez considera \u201cfruto de la mala gesti\u00f3n\u201d que un a\u00f1o m\u00e1s el IMD oferte la inscripci\u00f3n en cursos de verano pero no funcione el sistema telem\u00e1tico para realizar las gestiones y tampoco haya personal suficiente para hacerlo \u201cin situ\u201d en las instalaciones.<\/p>\n<p>\u201cUn a\u00f1o m\u00e1s se repite la escena y comprobamos como miles de familias tienen que hacer largas colas de espera para inscribir a sus hijos en los cursos de verano que se ofertan desde el ayuntamiento\u201d critica el edil.<\/p>\n<p>Para Fern\u00e1ndez, \u201ces vergonzoso\u201d que en una ciudad smart city \u201ccuando los vecinos quieren hacer uso de servicios de forma telem\u00e1tica el sistema se caiga, las l\u00edneas se colapsen y no funcione nada\u201d.<\/p>\n<p>El edil critica que la alcaldesa de Santander, Gema Igual, \u201cpresuma\u201d de que la ciudad es una smart city a la vez que pide \u201cmenos anuncios, menos propaganda y m\u00e1s inversi\u00f3n para actualizar los servicios municipales\u201d\u201d.<\/p>\n<p>\u201cCreo sinceramente que deber\u00edan hacer m\u00e1s por mejorar los servicios y contar menos mentiras, las colas en el IMD demuestran hoy que tenemos servicios de los a\u00f1os 80, sin actualizar, con dos personas en ventanilla, mientras se presume de la tecnolog\u00eda pero se colapsan las l\u00edneas\u201d censura el concejal socialista.<\/p>\n<p>Por \u00faltimo, Daniel Fern\u00e1ndez se\u00f1ala que miles de familias \u201cno pueden perder una ma\u00f1ana entera en la cola del IMD para inscribir a sus hijos en los cursos de verano\u201d y pide que el Ayuntamiento \u201cse tome enserio\u201d actualizar los servicios municipales.<\/p>\n<p>\u201cSi queremos que Santander entre en el siglo XXI lo primero que tenemos que hacer es dar servicios del siglo XXI a la ciudadan\u00eda, sino todo ser\u00e1 un panfleto\u201d concluye. <\/p>\n","protected":false},"excerpt":{"rendered":"<p>El secretario de Organizaci\u00f3n y portavoz adjunto del PSOE en el Ayuntamiento de Santander, Daniel Fernandez, denuncia el fracaso del sistema para inscribirse en los cursos de verano del Instituto Municipal de Deportes (IMD). Fernandez considera \u201cfruto de la mala gesti\u00f3n\u201d que un a\u00f1o m\u00e1s el IMD oferte la inscripci\u00f3n en cursos de verano pero [&hellip;]<\/p>\n","protected":false},"author":2,"featured_media":1736,"comment_status":"open","ping_status":"open","sticky":false,"template":"","format":"standard","meta":{"tdm_status":"","tdm_grid_status":"","footnotes":""},"categories":[20,16],"tags":[],"class_list":["post-1756","post","type-post","status-publish","format-standard","has-post-thumbnail","hentry","category-santander","category-noticias-santander"],"_links":{"self":[{"href":"https:\/\/www.psc-psoe.es\/index.php\/wp-json\/wp\/v2\/posts\/1756","targetHints":{"allow":["GET"]}}],"collection":[{"href":"https:\/\/www.psc-psoe.es\/index.php\/wp-json\/wp\/v2\/posts"}],"about":[{"href":"https:\/\/www.psc-psoe.es\/index.php\/wp-json\/wp\/v2\/types\/post"}],"author":[{"embeddable":true,"href":"https:\/\/www.psc-psoe.es\/index.php\/wp-json\/wp\/v2\/users\/2"}],"replies":[{"embeddable":true,"href":"https:\/\/www.psc-psoe.es\/index.php\/wp-json\/wp\/v2\/comments?post=1756"}],"version-history":[{"count":0,"href":"https:\/\/www.psc-psoe.es\/index.php\/wp-json\/wp\/v2\/posts\/1756\/revisions"}],"wp:featuredmedia":[{"embeddable":true,"href":"https:\/\/www.psc-psoe.es\/index.php\/wp-json\/wp\/v2\/media\/1736"}],"wp:attachment":[{"href":"https:\/\/www.psc-psoe.es\/index.php\/wp-json\/wp\/v2\/media?parent=1756"}],"wp:term":[{"taxonomy":"category","embeddable":true,"href":"https:\/\/www.psc-psoe.es\/index.php\/wp-json\/wp\/v2\/categories?post=1756"},{"taxonomy":"post_tag","embeddable":true,"href":"https:\/\/www.psc-psoe.es\/index.php\/wp-json\/wp\/v2\/tags?post=1756"}],"curies":[{"name":"wp","href":"https:\/\/api.w.org\/{rel}","templated":true}]}}