{"id":1743,"date":"2018-05-30T12:23:26","date_gmt":"2018-05-30T11:23:26","guid":{"rendered":"http:\/\/psc-psoe.es\/?p=1743"},"modified":"2019-02-19T13:11:25","modified_gmt":"2019-02-19T12:11:25","slug":"el-psoe-cree-que-el-pp-no-cambia-el-recorrido-de-la-linea-central-en-verano-porque-evidenciaria-el-fracaso-del-metro-tus","status":"publish","type":"post","link":"https:\/\/www.psc-psoe.es\/index.php\/2018\/05\/30\/el-psoe-cree-que-el-pp-no-cambia-el-recorrido-de-la-linea-central-en-verano-porque-evidenciaria-el-fracaso-del-metro-tus\/","title":{"rendered":"El PSOE cree que el PP no cambia el recorrido de la L\u00ednea Central en verano porque evidenciar\u00eda el fracaso del metro-TUS"},"content":{"rendered":"<p>El secretario general del PSOE y portavoz en el Ayuntamiento de Santander, Pedro Casares, cree que el PP no cambia el recorrido de la L\u00ednea Central en verano porque evidenciar\u00eda el fracaso del metro-TUS.<\/p>\n<p>Casares responde as\u00ed a las declaraciones del concejal de Medio Ambiente que ha afirmado hoy que el ayuntamiento har\u00e1 un refuerzo &#8220;importante&#8221; en las l\u00edneas que van a las playas y adoptar\u00e1 este a\u00f1o medidas &#8220;excepcionales\u201d, que se sumar\u00e1n a otras que implanta siempre.<\/p>\n<p>\u201cEn el proyecto dijeron que la l\u00ednea central y los autobuses articulados pasar\u00edan por Reina Victoria para llegar directamente a las playas en los meses de verano en vez de por el t\u00fanel de Tetu\u00e1n y ahora la alcaldesa, que no sabe ni contesta, cambia de criterio y ya no cambiara el recorrido como estaba establecido\u201d critica el edil.<\/p>\n<p>En este sentido, Casares se pregunta que \u201ccon que finalidad se han adaptado en este caso determinadas paradas si los autobuses articulados del metro-TUS no van a pasar por esas calles para facilitar y mejorar la comunicaci\u00f3n con las playas en verano\u201d.<\/p>\n<p>El l\u00edder de los socialistas santanderinos, que pregunt\u00f3 el lunes por el recorrido del metro-TUS en verano en la Comisi\u00f3n de Desarrollo Sostenible en el Ayuntamiento, augura \u201cun caos\u201d a un mes del inicio del verano porque \u201ces inconcebible e irresponsable\u201d la falta de previsi\u00f3n, coordinaci\u00f3n y control del funcionamiento de las l\u00edneas de autob\u00fas, horarios y frecuencias.<\/p>\n<p><strong>Infames declaraciones sobre el uso del metro-TUS<\/strong><\/p>\n<p>Asimismo, Casares considera una verg\u00fcenza que el equipo de gobierno del PP mantenga \u201ccomo criterio objetivo\u201d para valorar el metro-TUS que los ciudadanos tienen que aprender a usarlo. \u201cEs una verg\u00fcenza, se rien de nosotros, se gastan 7 millones en el metro-TUS ara empeorar el servicio y quieren echarle la culpa a que no sabemos usarlo\u201d denuncia.<\/p>\n<p>Por \u00faltimo, Pedro Casares recuerda que la contestaci\u00f3n ciudadana al metro-TUS sigue siendo mayoritaria cuatro meses despu\u00e9s \u201cy los cambios y retoques de Gema Igual no han servido para nada porque la gente sigue exigiendo volver al sistema anterior\u201d.<\/p>\n<p>\u201cEl PP ya no sabe qu\u00e9 hacer para no reconocer que la soluci\u00f3n pasa por paralizar el metro-TUS y ahora a 30 d\u00edas del verano dicen que podr\u00edan pasar por Reina Victoria autobuses articulados pero que no se puede confirmar, generando m\u00e1s desconcierto a los usuarios. Es inaudito\u201d concluye el edil. <\/p>\n","protected":false},"excerpt":{"rendered":"<p>El secretario general del PSOE y portavoz en el Ayuntamiento de Santander, Pedro Casares, cree que el PP no cambia el recorrido de la L\u00ednea Central en verano porque evidenciar\u00eda el fracaso del metro-TUS. Casares responde as\u00ed a las declaraciones del concejal de Medio Ambiente que ha afirmado hoy que el ayuntamiento har\u00e1 un refuerzo [&hellip;]<\/p>\n","protected":false},"author":2,"featured_media":843,"comment_status":"open","ping_status":"open","sticky":false,"template":"","format":"standard","meta":{"tdm_status":"","tdm_grid_status":"","footnotes":""},"categories":[20,16],"tags":[],"class_list":["post-1743","post","type-post","status-publish","format-standard","has-post-thumbnail","hentry","category-santander","category-noticias-santander"],"_links":{"self":[{"href":"https:\/\/www.psc-psoe.es\/index.php\/wp-json\/wp\/v2\/posts\/1743","targetHints":{"allow":["GET"]}}],"collection":[{"href":"https:\/\/www.psc-psoe.es\/index.php\/wp-json\/wp\/v2\/posts"}],"about":[{"href":"https:\/\/www.psc-psoe.es\/index.php\/wp-json\/wp\/v2\/types\/post"}],"author":[{"embeddable":true,"href":"https:\/\/www.psc-psoe.es\/index.php\/wp-json\/wp\/v2\/users\/2"}],"replies":[{"embeddable":true,"href":"https:\/\/www.psc-psoe.es\/index.php\/wp-json\/wp\/v2\/comments?post=1743"}],"version-history":[{"count":0,"href":"https:\/\/www.psc-psoe.es\/index.php\/wp-json\/wp\/v2\/posts\/1743\/revisions"}],"wp:featuredmedia":[{"embeddable":true,"href":"https:\/\/www.psc-psoe.es\/index.php\/wp-json\/wp\/v2\/media\/843"}],"wp:attachment":[{"href":"https:\/\/www.psc-psoe.es\/index.php\/wp-json\/wp\/v2\/media?parent=1743"}],"wp:term":[{"taxonomy":"category","embeddable":true,"href":"https:\/\/www.psc-psoe.es\/index.php\/wp-json\/wp\/v2\/categories?post=1743"},{"taxonomy":"post_tag","embeddable":true,"href":"https:\/\/www.psc-psoe.es\/index.php\/wp-json\/wp\/v2\/tags?post=1743"}],"curies":[{"name":"wp","href":"https:\/\/api.w.org\/{rel}","templated":true}]}}