{"id":1735,"date":"2018-05-28T12:18:21","date_gmt":"2018-05-28T11:18:21","guid":{"rendered":"http:\/\/psc-psoe.es\/?p=1735"},"modified":"2019-02-19T13:11:43","modified_gmt":"2019-02-19T12:11:43","slug":"el-psoe-quiere-que-santander-vuelva-a-acoger-el-campeonato-mundial-de-palas","status":"publish","type":"post","link":"https:\/\/www.psc-psoe.es\/index.php\/2018\/05\/28\/el-psoe-quiere-que-santander-vuelva-a-acoger-el-campeonato-mundial-de-palas\/","title":{"rendered":"El PSOE quiere que Santander vuelva a acoger el Campeonato Mundial de Palas"},"content":{"rendered":"<p>El secretario de Organizaci\u00f3n del PSOE y portavoz adjunto en el Ayuntamiento de Santander, Daniel Fern\u00e1ndez, propondr\u00e1 en la pr\u00f3xima reuni\u00f3n del Consejo Rector del Instituto Municipal de Deportes (IMD) que la ciudad vuelva a acoger el Campeonato Mundial de Palas.<\/p>\n<p>Fern\u00e1ndez considera que \u201cSantander no puede permitirse perder un evento de estas caracter\u00edsticas\u201d, que solo en la edici\u00f3n del a\u00f1o pasado, celebrada el 24 de agosto de 2017, congreg\u00f3 en las playas del Sardinero a 1.103 participantes de varios pa\u00edses durante el campeonato \u201cque dur\u00f3 80 horas\u201d:<\/p>\n<p>\u201cNuestra ciudad tiene una larga tradici\u00f3n vinculada a este deporte, que se juega en nuestras playas cada verano\u201d explica el concejal socialista, que denuncia que ha existido una falta de inter\u00e9s por parte del Ayuntamiento para fijar una fecha para la celebraci\u00f3n, a pesar del \u00e9xito del a\u00f1o anterior.<\/p>\n<p>Para Fern\u00e1ndez, \u201cel Campeonato se estaba consolidando como uno de los eventos del verano santanderino, una buena ocasi\u00f3n para practicar un deporte que une a j\u00f3venes y mayores, y permite disfrutar a todo el mundo en nuestras playas de un evento que daba vida al Sardinero en verano\u201d.<\/p>\n<p>\u201cA d\u00eda de hoy es un evento \u00fanico en el mundo\u201d asegura el secretario de Organizaci\u00f3n socialista, que lamenta que en el verano de 2018 \u201cno pueda celebrarse porque ya no hay margen para su organizaci\u00f3n\u201d.<\/p>\n<p>Por otra parte, el edil cree que el Ayuntamiento deber\u00eda \u201cinvolucrase de forma activa\u201d en la organizaci\u00f3n del evento \u201cy aportar recursos y medios\u201d para desarrollarlo en futuras ediciones, ya que en los a\u00f1os anteriores la organizaci\u00f3n del evento se ha llevado a cabo con entidades y voluntarios \u201cque lo han hecho posible, para permitir que disfrutemos todos\u201d. \u201cNo podemos dejar que lo que va a ocurrir en 2018, que no se celebre, haga que perdamos la oportunidad de seguir celebr\u00e1ndolo en los pr\u00f3ximos a\u00f1os\u201d.<\/p>\n<p>Por \u00faltimo, Daniel Fern\u00e1ndez, asegura que buscara la complicidad y el apoyo del resto de grupos municipales para que este proyecto salga adelante \u201cy el IMD se comprometa a celebrar este campeonato en 2019\u201d. <\/p>\n","protected":false},"excerpt":{"rendered":"<p>El secretario de Organizaci\u00f3n del PSOE y portavoz adjunto en el Ayuntamiento de Santander, Daniel Fern\u00e1ndez, propondr\u00e1 en la pr\u00f3xima reuni\u00f3n del Consejo Rector del Instituto Municipal de Deportes (IMD) que la ciudad vuelva a acoger el Campeonato Mundial de Palas. Fern\u00e1ndez considera que \u201cSantander no puede permitirse perder un evento de estas caracter\u00edsticas\u201d, que [&hellip;]<\/p>\n","protected":false},"author":2,"featured_media":1736,"comment_status":"open","ping_status":"open","sticky":false,"template":"","format":"standard","meta":{"tdm_status":"","tdm_grid_status":"","footnotes":""},"categories":[20,16],"tags":[],"class_list":["post-1735","post","type-post","status-publish","format-standard","has-post-thumbnail","hentry","category-santander","category-noticias-santander"],"_links":{"self":[{"href":"https:\/\/www.psc-psoe.es\/index.php\/wp-json\/wp\/v2\/posts\/1735","targetHints":{"allow":["GET"]}}],"collection":[{"href":"https:\/\/www.psc-psoe.es\/index.php\/wp-json\/wp\/v2\/posts"}],"about":[{"href":"https:\/\/www.psc-psoe.es\/index.php\/wp-json\/wp\/v2\/types\/post"}],"author":[{"embeddable":true,"href":"https:\/\/www.psc-psoe.es\/index.php\/wp-json\/wp\/v2\/users\/2"}],"replies":[{"embeddable":true,"href":"https:\/\/www.psc-psoe.es\/index.php\/wp-json\/wp\/v2\/comments?post=1735"}],"version-history":[{"count":0,"href":"https:\/\/www.psc-psoe.es\/index.php\/wp-json\/wp\/v2\/posts\/1735\/revisions"}],"wp:featuredmedia":[{"embeddable":true,"href":"https:\/\/www.psc-psoe.es\/index.php\/wp-json\/wp\/v2\/media\/1736"}],"wp:attachment":[{"href":"https:\/\/www.psc-psoe.es\/index.php\/wp-json\/wp\/v2\/media?parent=1735"}],"wp:term":[{"taxonomy":"category","embeddable":true,"href":"https:\/\/www.psc-psoe.es\/index.php\/wp-json\/wp\/v2\/categories?post=1735"},{"taxonomy":"post_tag","embeddable":true,"href":"https:\/\/www.psc-psoe.es\/index.php\/wp-json\/wp\/v2\/tags?post=1735"}],"curies":[{"name":"wp","href":"https:\/\/api.w.org\/{rel}","templated":true}]}}