{"id":1732,"date":"2018-05-28T12:14:48","date_gmt":"2018-05-28T11:14:48","guid":{"rendered":"http:\/\/psc-psoe.es\/?p=1732"},"modified":"2019-02-19T13:11:52","modified_gmt":"2019-02-19T12:11:52","slug":"el-psoe-propone-que-el-ayuntamiento-promueva-la-obra-de-benito-perez-galdos-con-ocasion-del-bienio-galdosiano","status":"publish","type":"post","link":"https:\/\/www.psc-psoe.es\/index.php\/2018\/05\/28\/el-psoe-propone-que-el-ayuntamiento-promueva-la-obra-de-benito-perez-galdos-con-ocasion-del-bienio-galdosiano\/","title":{"rendered":"El PSOE propone que el Ayuntamiento promueva la obra de Benito P\u00e9rez Gald\u00f3s con ocasi\u00f3n del Bienio Galdosiano"},"content":{"rendered":"<p>El secretario general del PSOE y portavoz en el Ayuntamiento de Santander, Pedro Casares, propondr\u00e1 en el pr\u00f3ximo Pleno del Ayuntamiento de Santander, este jueves 31 de mayo, que se promueva la obra de Benito P\u00e9rez Gald\u00f3s en la ciudad con ocasi\u00f3n del Bienio Galdosiano.<\/p>\n<p>Casares quiere que Santander aproveche la ocasi\u00f3n de que entre 2018 y 2020, se celebra respectivamente el 175 aniversario del nacimiento y el centenario de la muerte de Benito P\u00e9rez Gald\u00f3s, para difundir su obra y realizar actividades para recordar su figura.<\/p>\n<p>Para el l\u00edder socialista \u201ces la ocasi\u00f3n perfecta\u201d para recordar a uno de los mejores representantes de la novela realista del siglo XIX en Espa\u00f1a y un narrador capital en la historia de la literatura en lengua espa\u00f1ola.<\/p>\n<p>\u201cA lo largo de los a\u00f1os, la figura de Don Benito P\u00e9rez Gald\u00f3s, ha sido motivo de homenajes y reconocimientos p\u00fablicos en el callejero, en centros educativos \u00a0en esculturas \u00a0en \u00a0muchas ciudades de nuestro pa\u00eds y con ocasi\u00f3n de esta doble celebraci\u00f3n, de su nacimiento y muerte, queremos que Santander forme parte del itinerario cultural para celebrar el Bienio Galdosiano aqu\u00ed\u201d subraya.<\/p>\n<p>En este sentido, Casares recuerda que el pasado 10 de mayo, con ocasi\u00f3n del 175 aniversario de su nacimiento, Gran Canaria comenz\u00f3 los actos de celebraci\u00f3n, un programa de actividades de homenaje que se prolongar\u00e1 hasta el centenario de su muerte, en 2020.<\/p>\n<p>El l\u00edder de los socialistas santanderinos quiere que Santander, que fue uno de los espacios de vida y creaci\u00f3n de Benito P\u00e9rez Gald\u00f3s, se coordine con los ayuntamientos de Madrid y Las Palmas de Gran Canaria y el Cabildo de Gran Canaria \u201cpara que nuestra ciudad realice actividades para difundir y promover su obra con conferencias, actividades, talleres y obras de teatro como se est\u00e1 realizando en esas ciudades\u201d.<\/p>\n<p>\u201cEn Santander, hay lugares como la playa del Camello que nos recuerdan su presencia en la ciudad, porque inmortaliz\u00f3 con letras su pasi\u00f3n por nuestra ciudad y esta doble efem\u00e9ride nos permitir\u00eda recordarle y recordar su obra, tan importante para conocer la historia de nuestro pa\u00eds a finales del siglo XIX y principios del siglo XX\u201d considera el edil.<\/p>\n<p>Adem\u00e1s, como recuerda Casares en la moci\u00f3n, es en Santander donde P\u00e9rez Gald\u00f3s entabla amistad con Jos\u00e9 Mar\u00eda de Pereda y con Marcelino Men\u00e9ndez Pelayo, siendo su casa de San Quint\u00edn, el clima y el ambiente que le rodea, propicio para la creaci\u00f3n de obras como Do\u00f1a Perfecta, Gloria, Nazar\u00edn, El abuelo y \u00a0Celia en los infiernos.<\/p>\n<p>Por \u00faltimo, Pedro Casares cree que es \u201cuna buena iniciativa cultural\u201d que contar\u00e1 con el respaldo de todas las fuerzas pol\u00edticas \u201cporque nadie se opondr\u00eda a fomentar e incentivar el conocimiento de la obra de Benito P\u00e9rez Gald\u00f3s\u201d. <\/p>\n","protected":false},"excerpt":{"rendered":"<p>El secretario general del PSOE y portavoz en el Ayuntamiento de Santander, Pedro Casares, propondr\u00e1 en el pr\u00f3ximo Pleno del Ayuntamiento de Santander, este jueves 31 de mayo, que se promueva la obra de Benito P\u00e9rez Gald\u00f3s en la ciudad con ocasi\u00f3n del Bienio Galdosiano. Casares quiere que Santander aproveche la ocasi\u00f3n de que entre [&hellip;]<\/p>\n","protected":false},"author":2,"featured_media":827,"comment_status":"open","ping_status":"open","sticky":false,"template":"","format":"standard","meta":{"tdm_status":"","tdm_grid_status":"","footnotes":""},"categories":[20,16],"tags":[],"class_list":["post-1732","post","type-post","status-publish","format-standard","has-post-thumbnail","hentry","category-santander","category-noticias-santander"],"_links":{"self":[{"href":"https:\/\/www.psc-psoe.es\/index.php\/wp-json\/wp\/v2\/posts\/1732","targetHints":{"allow":["GET"]}}],"collection":[{"href":"https:\/\/www.psc-psoe.es\/index.php\/wp-json\/wp\/v2\/posts"}],"about":[{"href":"https:\/\/www.psc-psoe.es\/index.php\/wp-json\/wp\/v2\/types\/post"}],"author":[{"embeddable":true,"href":"https:\/\/www.psc-psoe.es\/index.php\/wp-json\/wp\/v2\/users\/2"}],"replies":[{"embeddable":true,"href":"https:\/\/www.psc-psoe.es\/index.php\/wp-json\/wp\/v2\/comments?post=1732"}],"version-history":[{"count":0,"href":"https:\/\/www.psc-psoe.es\/index.php\/wp-json\/wp\/v2\/posts\/1732\/revisions"}],"wp:featuredmedia":[{"embeddable":true,"href":"https:\/\/www.psc-psoe.es\/index.php\/wp-json\/wp\/v2\/media\/827"}],"wp:attachment":[{"href":"https:\/\/www.psc-psoe.es\/index.php\/wp-json\/wp\/v2\/media?parent=1732"}],"wp:term":[{"taxonomy":"category","embeddable":true,"href":"https:\/\/www.psc-psoe.es\/index.php\/wp-json\/wp\/v2\/categories?post=1732"},{"taxonomy":"post_tag","embeddable":true,"href":"https:\/\/www.psc-psoe.es\/index.php\/wp-json\/wp\/v2\/tags?post=1732"}],"curies":[{"name":"wp","href":"https:\/\/api.w.org\/{rel}","templated":true}]}}