{"id":1713,"date":"2018-05-24T12:05:29","date_gmt":"2018-05-24T11:05:29","guid":{"rendered":"http:\/\/psc-psoe.es\/?p=1713"},"modified":"2019-01-04T12:07:15","modified_gmt":"2019-01-04T11:07:15","slug":"el-psoe-pide-a-la-alcaldesa-que-deje-de-tomar-el-pelo-a-los-santanderinos-con-los-cambios-en-el-metro-tus","status":"publish","type":"post","link":"https:\/\/www.psc-psoe.es\/index.php\/2018\/05\/24\/el-psoe-pide-a-la-alcaldesa-que-deje-de-tomar-el-pelo-a-los-santanderinos-con-los-cambios-en-el-metro-tus\/","title":{"rendered":"El PSOE pide a la Alcaldesa que \u201cdeje de tomar el pelo a los santanderinos\u201d con los cambios en el metro-TUS"},"content":{"rendered":"<p>El secretario general del PSOE y portavoz municipal en el Ayuntamiento de Santander, Pedro Casares, pide a la alcaldesa de Santander, Gema Igual, que \u201cdeje de tomar el pelo a los santanderinos\u201d con los cambios en el metro-TUS.<\/p>\n<p>Casares exige a la alcaldesa que cese \u201cen su huida a ninguna parte\u201d para no paralizar el proyecto del metro- TUS \u201cque es lo que reclaman la mayor\u00eda de los santanderinos desde el pasado 1 de febrero\u201d.<\/p>\n<p><strong>Nuevos cambios en rutas de verano<\/strong><\/p>\n<p>De esta forma, el l\u00edder socialista responde a las declaraciones realizadas hoy por la alcaldesa que ha afirmado que \u201cni descarta ni confirma\u201d que el recorrido de los autobuses de gran capacidad en verano incluya la zona de playas en lugar de llegar a El Sardinero a trav\u00e9s del t\u00fanel de Tetu\u00e1n.<\/p>\n<p>\u00bfQu\u00e9 broma es esta?, \u00bfno se supone que todo estaba planificado?, se pregunta Casares, que considera que a un mes del inicio del verano \u201ces inconcebible e irresponsable\u201d la falta de previsi\u00f3n, coordinaci\u00f3n y control del funcionamiento de las l\u00edneas de autob\u00fas y los horarios y frecuencias para desplazarse a las playas.<\/p>\n<p>El l\u00edder de los socialistas santanderinos recuerda a la alcaldesa que \u201cdicen una cosa y la contraria seg\u00fan les convenga\u201d porque siempre dijeron que el metro-TUS ser\u00eda la \u00fanica l\u00ednea que discurrir\u00eda por el centro de Santander, ahora coincide con muchas otras l\u00edneas \u201camontonando en ocasiones hasta 3 y 4 autobuses para recoger y apear gente\u201d.<\/p>\n<p>\u201cLa \u00faltima novedad es que ahora esa l\u00ednea central tambi\u00e9n variar\u00e1 su recorrido dependiendo de verano o invierno, cuando se supone que su dise\u00f1o es para ser una l\u00ednea r\u00e1pida entre Valdecilla y el Sardinero. \u00bfCu\u00e1ntos cambios m\u00e1s van a hacer para no reconocer que el metro-TUS ha sido un fracaso absoluto y que han mal gastado 7 millones de euros?\u201d, se pregunta el portavoz del PSOE.<\/p>\n<p><strong>Irresponsabilidad absoluta<\/strong><\/p>\n<p>Por ello, Casares exige que \u201clo m\u00ednimo que deber\u00eda hacer Gema Igual es dejar de generar confusi\u00f3n\u201d. \u201cEs una irresponsabilidad absoluta estar hablando permanentemente de cambios en el transporte p\u00fablico que lo \u00fanico que hacen es generar desconcierto a los usuarios\u201d, subraya el l\u00edder socialista.<\/p>\n<p>\u201cEs evidente que la alcaldesa no sabe lo que supone para muchos vecinos las largas esperas en los intercambiadores, las molestias que generan los trasbordos y el problema que supone que ya no se sabe cu\u00e1ndo se coge una l\u00ednea hasta donde va y donde te apeas, porque dependiendo de las horas del d\u00eda todo cambia\u201d denuncia el edil.<\/p>\n<p><strong>Llamamiento a participar en la concentraci\u00f3n<\/strong><\/p>\n<p>Por \u00faltimo, Pedro Casares asegura que lo que debe hacer el PP es paralizar el metro-TUS y volver a la situaci\u00f3n anterior y a partir de ah\u00ed consensuar los cambios y las mejorar. \u201cSi no quieren escuchar, tenemos que hacer que nos escuchen\u201d. Por eso, ha hecho un llamamiento p\u00fablico a secundar la concentraci\u00f3n que ha convocado la plataforma del transporte p\u00fablico de Santander para este s\u00e1bado a las 12.00 en la plaza del Ayuntamiento. <\/p>\n","protected":false},"excerpt":{"rendered":"<p>El secretario general del PSOE y portavoz municipal en el Ayuntamiento de Santander, Pedro Casares, pide a la alcaldesa de Santander, Gema Igual, que \u201cdeje de tomar el pelo a los santanderinos\u201d con los cambios en el metro-TUS. Casares exige a la alcaldesa que cese \u201cen su huida a ninguna parte\u201d para no paralizar el [&hellip;]<\/p>\n","protected":false},"author":2,"featured_media":1714,"comment_status":"open","ping_status":"open","sticky":false,"template":"","format":"standard","meta":{"tdm_status":"","tdm_grid_status":"","footnotes":""},"categories":[20],"tags":[],"class_list":["post-1713","post","type-post","status-publish","format-standard","has-post-thumbnail","hentry","category-santander"],"_links":{"self":[{"href":"https:\/\/www.psc-psoe.es\/index.php\/wp-json\/wp\/v2\/posts\/1713","targetHints":{"allow":["GET"]}}],"collection":[{"href":"https:\/\/www.psc-psoe.es\/index.php\/wp-json\/wp\/v2\/posts"}],"about":[{"href":"https:\/\/www.psc-psoe.es\/index.php\/wp-json\/wp\/v2\/types\/post"}],"author":[{"embeddable":true,"href":"https:\/\/www.psc-psoe.es\/index.php\/wp-json\/wp\/v2\/users\/2"}],"replies":[{"embeddable":true,"href":"https:\/\/www.psc-psoe.es\/index.php\/wp-json\/wp\/v2\/comments?post=1713"}],"version-history":[{"count":0,"href":"https:\/\/www.psc-psoe.es\/index.php\/wp-json\/wp\/v2\/posts\/1713\/revisions"}],"wp:featuredmedia":[{"embeddable":true,"href":"https:\/\/www.psc-psoe.es\/index.php\/wp-json\/wp\/v2\/media\/1714"}],"wp:attachment":[{"href":"https:\/\/www.psc-psoe.es\/index.php\/wp-json\/wp\/v2\/media?parent=1713"}],"wp:term":[{"taxonomy":"category","embeddable":true,"href":"https:\/\/www.psc-psoe.es\/index.php\/wp-json\/wp\/v2\/categories?post=1713"},{"taxonomy":"post_tag","embeddable":true,"href":"https:\/\/www.psc-psoe.es\/index.php\/wp-json\/wp\/v2\/tags?post=1713"}],"curies":[{"name":"wp","href":"https:\/\/api.w.org\/{rel}","templated":true}]}}