{"id":1707,"date":"2018-05-23T12:02:29","date_gmt":"2018-05-23T11:02:29","guid":{"rendered":"http:\/\/psc-psoe.es\/?p=1707"},"modified":"2019-02-19T13:12:08","modified_gmt":"2019-02-19T12:12:08","slug":"el-psoe-propone-un-plan-de-seguridad-y-mejora-vial-en-monte","status":"publish","type":"post","link":"https:\/\/www.psc-psoe.es\/index.php\/2018\/05\/23\/el-psoe-propone-un-plan-de-seguridad-y-mejora-vial-en-monte\/","title":{"rendered":"El PSOE propone un Plan de seguridad y mejora vial en Monte"},"content":{"rendered":"<p>El secretario general del PSOE y portavoz en el Ayuntamiento de Santander, Pedro Casares, propondr\u00e1 un Plan de seguridad y mejora vial en Monte.<\/p>\n<p>Casares considera necesario mejorar la se\u00f1alizaci\u00f3n y las infraestructuras viarias, as\u00ed como mejorar el control y reducci\u00f3n de la velocidad \u201cpara que peatones y ciclistas puedan circular con normalidad por Monte\u201d.<\/p>\n<p>Por ello, el l\u00edder socialista presentar\u00e1 una propuesta en el Ayuntamiento de Santander, tal y como se comprometi\u00f3 con los vecinos en una visita al barrio, para que se establezcan m\u00e1s se\u00f1ales de balizamiento fijo, sem\u00e1foros, se\u00f1ales verticales de circulaci\u00f3n y marcas viales.<\/p>\n<p>Adem\u00e1s, el portavoz del PSOE cree que es necesaria la reparaci\u00f3n del bacheado y el mantenimiento del mismo, por el peligro que conlleva el deterioro de la calzada tanto para veh\u00edculos, motocicletas como para peatones o ciclistas.<\/p>\n<p>De la misma forma, Casares afirma que la zona de Monte, de calles muy estrechas \u201cen las que en ocasiones es dif\u00edcil que paseen dos veh\u00edculos a la vez\u201d tambi\u00e9n ser\u00eda conveniente mejorar la iluminaci\u00f3n o cambiar los sentidos de circulaci\u00f3n. \u201cNo solo son necesarias en algunos casos se\u00f1ales de tr\u00e1fico o establecimiento de pasos de cebra, tambi\u00e9n es necesario iluminar algunas calles o viales para su mayor visibilidad de noche\u201d subraya el edil.<\/p>\n<p>Tambi\u00e9n cree que se debe incrementar la presencia policial e instalar elementos de seguridad pasiva para limitar la velocidad y construir un modelo de ciudad m\u00e1s sostenible y seguro \u201ccomo demandan los vecinos, ya que en muchas de estas calles los conductores superan la velocidad ante la ausencia de control\u201d.<\/p>\n<p>El l\u00edder de los socialistas santanderinos asegura que \u201cquienes viven en Monte sienten una preocupaci\u00f3n constante cada vez que salen a la calle porque no tienen aceras, no hay se\u00f1ales en muchas calles, no hay control policial, y hay que solucionar este problema cuanto antes\u201d.<\/p>\n<p>Por \u00faltimo, Pedro Casares afirma que la mejor pol\u00edtica posible \u201ces la de escuchar a los ciudadanos y atender a sus necesidades\u201d. \u00a0Y cree que, aunque el equipo de gobierno \u201cconoce la necesidad de acometer medidas para mejorar la seguridad vial\u201d, las medidas adoptadas en el plan de viales \u201cson insuficientes\u201d para responder a las necesidades de esta zona de la ciudad. <\/p>\n","protected":false},"excerpt":{"rendered":"<p>El secretario general del PSOE y portavoz en el Ayuntamiento de Santander, Pedro Casares, propondr\u00e1 un Plan de seguridad y mejora vial en Monte. Casares considera necesario mejorar la se\u00f1alizaci\u00f3n y las infraestructuras viarias, as\u00ed como mejorar el control y reducci\u00f3n de la velocidad \u201cpara que peatones y ciclistas puedan circular con normalidad por Monte\u201d. [&hellip;]<\/p>\n","protected":false},"author":2,"featured_media":1708,"comment_status":"open","ping_status":"open","sticky":false,"template":"","format":"standard","meta":{"tdm_status":"","tdm_grid_status":"","footnotes":""},"categories":[20,16],"tags":[],"class_list":["post-1707","post","type-post","status-publish","format-standard","has-post-thumbnail","hentry","category-santander","category-noticias-santander"],"_links":{"self":[{"href":"https:\/\/www.psc-psoe.es\/index.php\/wp-json\/wp\/v2\/posts\/1707","targetHints":{"allow":["GET"]}}],"collection":[{"href":"https:\/\/www.psc-psoe.es\/index.php\/wp-json\/wp\/v2\/posts"}],"about":[{"href":"https:\/\/www.psc-psoe.es\/index.php\/wp-json\/wp\/v2\/types\/post"}],"author":[{"embeddable":true,"href":"https:\/\/www.psc-psoe.es\/index.php\/wp-json\/wp\/v2\/users\/2"}],"replies":[{"embeddable":true,"href":"https:\/\/www.psc-psoe.es\/index.php\/wp-json\/wp\/v2\/comments?post=1707"}],"version-history":[{"count":0,"href":"https:\/\/www.psc-psoe.es\/index.php\/wp-json\/wp\/v2\/posts\/1707\/revisions"}],"wp:featuredmedia":[{"embeddable":true,"href":"https:\/\/www.psc-psoe.es\/index.php\/wp-json\/wp\/v2\/media\/1708"}],"wp:attachment":[{"href":"https:\/\/www.psc-psoe.es\/index.php\/wp-json\/wp\/v2\/media?parent=1707"}],"wp:term":[{"taxonomy":"category","embeddable":true,"href":"https:\/\/www.psc-psoe.es\/index.php\/wp-json\/wp\/v2\/categories?post=1707"},{"taxonomy":"post_tag","embeddable":true,"href":"https:\/\/www.psc-psoe.es\/index.php\/wp-json\/wp\/v2\/tags?post=1707"}],"curies":[{"name":"wp","href":"https:\/\/api.w.org\/{rel}","templated":true}]}}