{"id":1686,"date":"2018-05-18T11:49:24","date_gmt":"2018-05-18T10:49:24","guid":{"rendered":"http:\/\/psc-psoe.es\/?p=1686"},"modified":"2019-02-19T13:13:19","modified_gmt":"2019-02-19T12:13:19","slug":"el-psoe-reivindica-la-paralizacion-de-los-diques-de-la-magdalena-antes-de-que-sea-demasiado-tarde","status":"publish","type":"post","link":"https:\/\/www.psc-psoe.es\/index.php\/2018\/05\/18\/el-psoe-reivindica-la-paralizacion-de-los-diques-de-la-magdalena-antes-de-que-sea-demasiado-tarde\/","title":{"rendered":"El PSOE reivindica la paralizaci\u00f3n de los diques de La Magdalena \u201cantes de que sea demasiado tarde\u201d"},"content":{"rendered":"<p>El secretario general del PSOE y portavoz en el Ayuntamiento de Santander, Pedro Casares, quiere que \u201cse d\u00e9 marcha atr\u00e1s y en ning\u00fan caso se contin\u00fae con la obra\u201d de los diques en las playas de La Magdalena, Los Peligros y Bikinis.<\/p>\n<p>Casares, que ha mantenido un encuentro con representantes de la Plataforma &#8216;Salvar La Magdalena&#8217;, reivindica la paralizaci\u00f3n de los diques de La Magdalena \u201cantes de que sea demasiado tarde\u201d.<\/p>\n<p>Para el l\u00edder socialista, \u201ces totalmente falso que sean la \u00fanica soluci\u00f3n para mantener las playas ya que han sido los propios expertos los que han puesto encima de la mesa otras soluciones para estabilizar la arena en las playas\u201d. \u201cSon la soluci\u00f3n equivocada, frente a todo y frente a todos, que ha elegido la alcaldesa de Santander\u201d critica.<\/p>\n<p>\u201cPor ahora solo est\u00e1 terminada un 30% de la obra final y ya tiene un enorme impacto, no quiero ni pensar el tremendo impacto que habr\u00e1 cuando est\u00e9 acabado el 100% de la obra con unos espigones destrozando nuestro litoral\u201d denuncia, a la vez que pide a la alcaldesa, Gema Igual, que detenga la obra antes de comenzar el segundo espig\u00f3n.<\/p>\n<p>El portavoz del PSOE denuncia que \u201cestamos a tiempo de rectificar este error grav\u00edsimo\u201d porque \u201cestamos ante un mal proyecto para las playas, un mal proyecto para la bah\u00eda, un mal proyecto para el medioambiente y tambi\u00e9n un mal proyecto para Santander\u201d.<\/p>\n<p><strong>Participaci\u00f3n e informaci\u00f3n p\u00fablica<\/strong><\/p>\n<p>Por otra parte, el edil asegura que el Ayuntamiento ha incumplido el Convenio de Aarhus en cuanto al acceso a la informaci\u00f3n, participaci\u00f3n del p\u00fablico y acceso a la justicia en materia de medio ambiente.<\/p>\n<p>\u201cEl Convenio, vigente en Espa\u00f1a desde el 30 de octubre de 2001, implica favorecer la participaci\u00f3n del p\u00fablico en la toma de decisiones que tengan repercusiones sobre el medio ambiente y el ayuntamiento no ha cumplido este convenio porque la participaci\u00f3n en el proceso es muy cuestionable\u201d.<\/p>\n<p>De esta forma, Casares responde al Partido Popular que miente cuando dice que esta actuaci\u00f3n &#8220;fue ampliamente debatida y consultada con la ciudadan\u00eda&#8221;. \u201cImplicar a los santanderinos en algo que iba a transformar negativamente nuestras playas, con un impacto paisaj\u00edstico y mediambiental tremendo no puede reducirse a publicar este proyecto en el Bolet\u00edn Oficial o a hacer una encuesta muy discutible\u201d subraya el portavoz socialista.<\/p>\n<p>\u201cSi el PP no tiene miedo de que es el mejor proyecto y no teme la participaci\u00f3n real de la ciudadan\u00eda, ahora que ya se ve el enorme impacto paisaj\u00edstico que tienen los espigones, deber\u00eda abrir un proceso para contar con la opini\u00f3n de los santanderinos sobre este proyecto\u201d asegura el l\u00edder de los socialistas santanderinos.<\/p>\n<p><strong>Retirada espigones en el Mar Menor<\/strong><\/p>\n<p>A su vez, Casares pide a los santanderinos \u201cque no se rindan\u201d y pone como ejemplo a los vecinos del Mar Menor en Murcia que exigieron durante a\u00f1os que se retiraran los seis espigones que se construyeron en la playa de Punta Brava, cuyo \u00faltimo espig\u00f3n se retir\u00f3 8 de noviembre de 2017.<\/p>\n<p>\u201cEl Mar Menor y el esp\u00edritu de reivindicaci\u00f3n de los vecinos de esa zona son el espejo en el que debemos mirarnos para exigir que este atentado paisaj\u00edstico y ambiental no llegue a culminarse en Santander\u201d afirma el edil, que cree que \u201csolo con la oposici\u00f3n frontal de los santanderinos conseguiremos parar este desastre\u201d.<\/p>\n<p>Por \u00faltimo, Pedro Casares ha agradecido a la Plataforma &#8216;Salvar La Magdalena&#8217;, \u201cno haberse resignado y ser el motor de la reivindicaci\u00f3n de los santanderinos para preservar nuestro mejor patrimonio, el espacio natural y paisaj\u00edstico de Santander\u201d. <\/p>\n","protected":false},"excerpt":{"rendered":"<p>El secretario general del PSOE y portavoz en el Ayuntamiento de Santander, Pedro Casares, quiere que \u201cse d\u00e9 marcha atr\u00e1s y en ning\u00fan caso se contin\u00fae con la obra\u201d de los diques en las playas de La Magdalena, Los Peligros y Bikinis. Casares, que ha mantenido un encuentro con representantes de la Plataforma &#8216;Salvar La [&hellip;]<\/p>\n","protected":false},"author":2,"featured_media":1687,"comment_status":"open","ping_status":"open","sticky":false,"template":"","format":"standard","meta":{"tdm_status":"","tdm_grid_status":"","footnotes":""},"categories":[20,16],"tags":[],"class_list":["post-1686","post","type-post","status-publish","format-standard","has-post-thumbnail","hentry","category-santander","category-noticias-santander"],"_links":{"self":[{"href":"https:\/\/www.psc-psoe.es\/index.php\/wp-json\/wp\/v2\/posts\/1686","targetHints":{"allow":["GET"]}}],"collection":[{"href":"https:\/\/www.psc-psoe.es\/index.php\/wp-json\/wp\/v2\/posts"}],"about":[{"href":"https:\/\/www.psc-psoe.es\/index.php\/wp-json\/wp\/v2\/types\/post"}],"author":[{"embeddable":true,"href":"https:\/\/www.psc-psoe.es\/index.php\/wp-json\/wp\/v2\/users\/2"}],"replies":[{"embeddable":true,"href":"https:\/\/www.psc-psoe.es\/index.php\/wp-json\/wp\/v2\/comments?post=1686"}],"version-history":[{"count":0,"href":"https:\/\/www.psc-psoe.es\/index.php\/wp-json\/wp\/v2\/posts\/1686\/revisions"}],"wp:featuredmedia":[{"embeddable":true,"href":"https:\/\/www.psc-psoe.es\/index.php\/wp-json\/wp\/v2\/media\/1687"}],"wp:attachment":[{"href":"https:\/\/www.psc-psoe.es\/index.php\/wp-json\/wp\/v2\/media?parent=1686"}],"wp:term":[{"taxonomy":"category","embeddable":true,"href":"https:\/\/www.psc-psoe.es\/index.php\/wp-json\/wp\/v2\/categories?post=1686"},{"taxonomy":"post_tag","embeddable":true,"href":"https:\/\/www.psc-psoe.es\/index.php\/wp-json\/wp\/v2\/tags?post=1686"}],"curies":[{"name":"wp","href":"https:\/\/api.w.org\/{rel}","templated":true}]}}