{"id":1683,"date":"2018-05-17T16:06:02","date_gmt":"2018-05-17T15:06:02","guid":{"rendered":"http:\/\/psc-psoe.es\/?p=1683"},"modified":"2019-01-03T20:07:25","modified_gmt":"2019-01-03T19:07:25","slug":"la-secretaria-de-economia-y-comunicacion-del-psoe-de-cantabria-ainoa-quinones-asegura-que-desde-la-consejeria-de-sanidad-no-se-intenta-ocultar-nada-sobre-la-gestion-en-el-servicio-cantabro-d","status":"publish","type":"post","link":"https:\/\/www.psc-psoe.es\/index.php\/2018\/05\/17\/la-secretaria-de-economia-y-comunicacion-del-psoe-de-cantabria-ainoa-quinones-asegura-que-desde-la-consejeria-de-sanidad-no-se-intenta-ocultar-nada-sobre-la-gestion-en-el-servicio-cantabro-d\/","title":{"rendered":"La secretaria de Econom\u00eda y Comunicaci\u00f3n del PSOE de Cantabria, Ainoa Qui\u00f1ones asegura que \u201cdesde la Consejer\u00eda de Sanidad no se intenta ocultar nada sobre la gesti\u00f3n en el Servicio C\u00e1ntabro de Salud (SCS)\u201d, tal y como dice el PP de Cantabria.   Para la portavoz socialista, \u201cel se\u00f1or I\u00f1igo Fern\u00e1ndez hace de \u00b4corre, ve y dile \u00b4de la se\u00f1ora Mar\u00eda Jos\u00e9 Sa\u00e9nz de Buruaga, y se dedica a lanzar continuos insultos y faltas de respeto hacia Real, porque no tienen ni datos ni argumentos\u201d. Real, contin\u00faa \u201cnunca ha esquivado este asunto y siempre ha mostrado su disposici\u00f3n por resolverlo\u201d.   La responsable de Comunicaci\u00f3n, pide a Fern\u00e1ndez y Buruaga que \u201cdejen de fabular  y de opinar continuamente sobre un asunto al que no aportan m\u00e1s que sospechas y palabrer\u00eda\u201d.   Por \u00faltimo, Ainoa Qui\u00f1ones asegura que \u201cel PP de Cantabria y la se\u00f1ora Buruaga son expertos  en desviar la atenci\u00f3n para que su partido deje de ser el centro de atenci\u00f3n de la pol\u00e9mica en una semana que para nada les conviene estar en el ojo del hurac\u00e1n informativo\u201d. \u201cUna t\u00e1ctica\u201d finaliza, \u201cmuy utilizada y desgastada por los populares\u201d."},"content":{"rendered":"<p>El secretario general del PSOE y portavoz en el Ayuntamiento de Santander, Pedro Casares, ha realizado hoy una visita a las calles de la Cuesta de la Atalaya, San Celedonio, Tant\u00edn y R\u00edo de la Pila, con la campa\u00f1a de escucha activa que lleva desarrollando durante toda la legislatura.<\/p>\n<p>Casares, que ha compartido su visita con vecinos de la zona, ha podido comprobar que la limpieza viaria y la recogida peri\u00f3dica de basuras \u201cno es buena, ni constante\u201d en estas calles del centro de Santander.<\/p>\n<p>Protestas por la suciedad en las callesPara el l\u00edder de los socialistas santanderinos, \u201cla ciudadan\u00eda tiene que dar una batalla activa\u201d como la que se est\u00e1 produciendo contra el metro-TUS o contra la construcci\u00f3n de las escolleras de La Magdalena. \u201cHay que exigir que se limpien las calles y que la suciedad y la basura dejen de ser la foto fija de muchas zonas de Santander\u201d.<\/p>\n<p>De esta forma, Casares ha explicado a los vecinos que el problema que sufren en las calles de la zona \u201cno es ajeno al Ayuntamiento\u201d, donde el PSOE ha presentado iniciativas y mociones en el Pleno y en las comisiones \u201cy el PP ha hecho o\u00eddos sordos a las denuncias\u201d.<\/p>\n<p>\u201cHemos hablado de la situaci\u00f3n de Castilla-Hermida, de los problemas de suciedad los fines de semana en la zona de Pombo y Ca\u00f1adio, de la recogida neum\u00e1tica en zonas como la calle Alta,\u2026 y la alcaldesa siempre ha preferido mirar para otra parte antes de enfrentarse al problema\u201d, expresa el portavoz del PSOE.<\/p>\n<p><strong>Dejaci\u00f3n de funciones<\/strong><\/p>\n<p>Para quien, el Partido Popular \u201cest\u00e1 haciendo dejaci\u00f3n de funciones\u201d al no garantizar que haya un buen servicio p\u00fablico, que asegure una adecuada limpieza y recogida de basuras.<\/p>\n<p>En este sentido, el edil recuerda que \u201cpese a que han privatizado el servicio\u201d, es responsabilidad municipal controlarlo y plantear \u201csi es necesario\u201d el aumento de los medios t\u00e9cnicos y humanos que garanticen una buena recogida de basuras y limpieza viaria.<\/p>\n<p>Por \u00faltimo, Pedro Casares ha recogido varias propuestas sobre el estado de algunas instalaciones y parques en la zona y se ha comprometido a llevarlas al ayuntamiento, \u201cponiendo voz a los problemas de esta zona de Santander y ayudando a mejorar los barrios\u201d. <\/p>\n","protected":false},"excerpt":{"rendered":"<p>El secretario general del PSOE y portavoz en el Ayuntamiento de Santander, Pedro Casares, ha realizado hoy una visita a las calles de la Cuesta de la Atalaya, San Celedonio, Tant\u00edn y R\u00edo de la Pila, con la campa\u00f1a de escucha activa que lleva desarrollando durante toda la legislatura. Casares, que ha compartido su visita [&hellip;]<\/p>\n","protected":false},"author":2,"featured_media":1684,"comment_status":"open","ping_status":"open","sticky":false,"template":"","format":"standard","meta":{"tdm_status":"","tdm_grid_status":"","footnotes":""},"categories":[20],"tags":[],"class_list":["post-1683","post","type-post","status-publish","format-standard","has-post-thumbnail","hentry","category-santander"],"_links":{"self":[{"href":"https:\/\/www.psc-psoe.es\/index.php\/wp-json\/wp\/v2\/posts\/1683","targetHints":{"allow":["GET"]}}],"collection":[{"href":"https:\/\/www.psc-psoe.es\/index.php\/wp-json\/wp\/v2\/posts"}],"about":[{"href":"https:\/\/www.psc-psoe.es\/index.php\/wp-json\/wp\/v2\/types\/post"}],"author":[{"embeddable":true,"href":"https:\/\/www.psc-psoe.es\/index.php\/wp-json\/wp\/v2\/users\/2"}],"replies":[{"embeddable":true,"href":"https:\/\/www.psc-psoe.es\/index.php\/wp-json\/wp\/v2\/comments?post=1683"}],"version-history":[{"count":0,"href":"https:\/\/www.psc-psoe.es\/index.php\/wp-json\/wp\/v2\/posts\/1683\/revisions"}],"wp:featuredmedia":[{"embeddable":true,"href":"https:\/\/www.psc-psoe.es\/index.php\/wp-json\/wp\/v2\/media\/1684"}],"wp:attachment":[{"href":"https:\/\/www.psc-psoe.es\/index.php\/wp-json\/wp\/v2\/media?parent=1683"}],"wp:term":[{"taxonomy":"category","embeddable":true,"href":"https:\/\/www.psc-psoe.es\/index.php\/wp-json\/wp\/v2\/categories?post=1683"},{"taxonomy":"post_tag","embeddable":true,"href":"https:\/\/www.psc-psoe.es\/index.php\/wp-json\/wp\/v2\/tags?post=1683"}],"curies":[{"name":"wp","href":"https:\/\/api.w.org\/{rel}","templated":true}]}}