{"id":1671,"date":"2018-05-16T15:00:10","date_gmt":"2018-05-16T14:00:10","guid":{"rendered":"http:\/\/psc-psoe.es\/?p=1671"},"modified":"2019-02-19T13:13:31","modified_gmt":"2019-02-19T12:13:31","slug":"el-psoe-considera-evidente-que-hubo-un-pacto-para-garantizar-la-gobernabilidad-del-pp-en-santander","status":"publish","type":"post","link":"https:\/\/www.psc-psoe.es\/index.php\/2018\/05\/16\/el-psoe-considera-evidente-que-hubo-un-pacto-para-garantizar-la-gobernabilidad-del-pp-en-santander\/","title":{"rendered":"El PSOE considera \u201cevidente\u201d que hubo un pacto para garantizar la gobernabilidad del PP en Santander"},"content":{"rendered":"<p>El secretario general del PSOE y portavoz municipal en el Ayuntamiento de Santander, Pedro Casares, considera \u201cevidente\u201d que hubo un pacto en 2015 para garantizar la gobernabilidad del Partido Popular en Santander.<br \/>\nCasares asegura \u201cque todos los santanderinos saben y son conscientes\u201d de que el ex alcalde de Santander y actual ministro de Fomento, \u00cd\u00f1igo de la Serna, lleg\u00f3 a un pacto pol\u00edtico para gobernar Santander estos 4 a\u00f1os.<\/p>\n<p>De esta forma, el l\u00edder socialista recuerda que lo primero que hizo \u00cd\u00f1igo de la Serna tras perder 5 concejales y la mayor\u00eda absoluta fue buscar la forma de garantizarse que el Partido Popular pudiera gobernar, \u201chaciendo lo posible y lo imposible por garantizarse el voto y el apoyo de David Gonz\u00e1lez durante toda la legislatura\u201d.<\/p>\n<p>\u201cPrimero fue con Ciudadanos y ahora con un concejal tr\u00e1nsfuga, pero siempre con la misma persona, David Gonz\u00e1lez, al que la imprudencia le ha jugado una mala pasada y puso el domingo voz y letras a lo que todos sab\u00edamos, y de lo que ahora, presionado, quiere desdecirse\u201d denuncia el portavoz del PSOE.<\/p>\n<p>En este sentido, el edil asegura que \u201cda lo mismo si el pacto era entre partidos, entre el PP y Ciudadanos o lo que parece m\u00e1s real y ver\u00eddico, que estamos ante un pacto entre personas, entre \u00cd\u00f1igo de la Serna y David Gonz\u00e1lez\u201d.<\/p>\n<p>\u201cLo grave de este asunto\u201d es \u201cque desconocemos sus cl\u00e1usulas y condiciones\u201d subraya Casares, que considera que \u201cnadie discute los pactos entre partidos, leg\u00edtimos en democracia para formar gobierno, pero lo que de este pacto se desprende es oscurantismo, opacidad e intereses compartidos de unos con otros para seguir gobernando Santander a cambio de no sabemos qu\u00e9\u201d.<\/p>\n<p>Asimismo, el portavoz socialista recuerda que Gonz\u00e1lez ha votado todas las propuestas del PP, incluso incumpliendo el programa electoral con el que se present\u00f3 a las elecciones municipales. \u201cHa votado en contra de propuestas que llevaban en su programa o que firmaron en su dec\u00e1logo, como la Polic\u00eda de Barrio o la petici\u00f3n de dimisi\u00f3n de la alcaldesa por falsificar su curr\u00edculum\u201d.<\/p>\n<p><strong>P\u00e9rdida de credibilidad y desconfianza<\/strong><\/p>\n<p>Por otra parte, Casares pide a Igual que deje de gobernar Santander con el voto de un concejal tr\u00e1nsfuga, \u201cque es una indecencia para la ciudad\u201d.<\/p>\n<p>\u201cSi de verdad quiere convencernos de que no hay ning\u00fan pacto con ese se\u00f1or, lo que debe hacer es apostar por el di\u00e1logo y la b\u00fasqueda de acuerdo con el resto de partidos para sacar sus propuestas adelante y no gracias a la muleta de David Gonz\u00e1lez\u201d subraya.<\/p>\n<p>De lo contrario, \u201ca la falta de credibilidad de De la Serna y Gonzalez\u201d se sumar\u00e1 la de una alcaldesa que \u201cest\u00e1 en sus horas m\u00e1s bajas\u201d y que \u201ccon sus desafortunadas declaraciones lo \u00fanico que genera es desconfianza en las instituciones y en la pol\u00edtica\u201d.<\/p>\n<p>\u201cSi aqu\u00ed no hubiera nada que no se pudiera contar, la alcaldesa de la ciudad y el ex alcalde y hoy ministro no saldr\u00edan en tropel a desdecir a un concejal tr\u00e1nsfuga\u201d. Un concejal que s\u00ed le quedara un poco de dignidad, dimitir\u00eda\u201d asegura Casares. Para quien, David Gonz\u00e1lez \u201cdebe dejar de insultar cada d\u00eda con su presencia como concejal a una instituci\u00f3n tan honorable como es el Ayuntamiento de Santander\u201d. <\/p>\n","protected":false},"excerpt":{"rendered":"<p>El secretario general del PSOE y portavoz municipal en el Ayuntamiento de Santander, Pedro Casares, considera \u201cevidente\u201d que hubo un pacto en 2015 para garantizar la gobernabilidad del Partido Popular en Santander. Casares asegura \u201cque todos los santanderinos saben y son conscientes\u201d de que el ex alcalde de Santander y actual ministro de Fomento, \u00cd\u00f1igo [&hellip;]<\/p>\n","protected":false},"author":2,"featured_media":1580,"comment_status":"open","ping_status":"open","sticky":false,"template":"","format":"standard","meta":{"tdm_status":"","tdm_grid_status":"","footnotes":""},"categories":[20,16],"tags":[],"class_list":["post-1671","post","type-post","status-publish","format-standard","has-post-thumbnail","hentry","category-santander","category-noticias-santander"],"_links":{"self":[{"href":"https:\/\/www.psc-psoe.es\/index.php\/wp-json\/wp\/v2\/posts\/1671","targetHints":{"allow":["GET"]}}],"collection":[{"href":"https:\/\/www.psc-psoe.es\/index.php\/wp-json\/wp\/v2\/posts"}],"about":[{"href":"https:\/\/www.psc-psoe.es\/index.php\/wp-json\/wp\/v2\/types\/post"}],"author":[{"embeddable":true,"href":"https:\/\/www.psc-psoe.es\/index.php\/wp-json\/wp\/v2\/users\/2"}],"replies":[{"embeddable":true,"href":"https:\/\/www.psc-psoe.es\/index.php\/wp-json\/wp\/v2\/comments?post=1671"}],"version-history":[{"count":0,"href":"https:\/\/www.psc-psoe.es\/index.php\/wp-json\/wp\/v2\/posts\/1671\/revisions"}],"wp:featuredmedia":[{"embeddable":true,"href":"https:\/\/www.psc-psoe.es\/index.php\/wp-json\/wp\/v2\/media\/1580"}],"wp:attachment":[{"href":"https:\/\/www.psc-psoe.es\/index.php\/wp-json\/wp\/v2\/media?parent=1671"}],"wp:term":[{"taxonomy":"category","embeddable":true,"href":"https:\/\/www.psc-psoe.es\/index.php\/wp-json\/wp\/v2\/categories?post=1671"},{"taxonomy":"post_tag","embeddable":true,"href":"https:\/\/www.psc-psoe.es\/index.php\/wp-json\/wp\/v2\/tags?post=1671"}],"curies":[{"name":"wp","href":"https:\/\/api.w.org\/{rel}","templated":true}]}}