{"id":1613,"date":"2018-04-29T17:20:27","date_gmt":"2018-04-29T16:20:27","guid":{"rendered":"http:\/\/psc-psoe.es\/?p=1613"},"modified":"2019-02-19T13:16:40","modified_gmt":"2019-02-19T12:16:40","slug":"el-psoe-celebra-el-130-aniversario-de-la-agrupacion-de-santander-con-el-objetivo-marcardo-de-lograr-la-alcaldia-en-2019","status":"publish","type":"post","link":"https:\/\/www.psc-psoe.es\/index.php\/2018\/04\/29\/el-psoe-celebra-el-130-aniversario-de-la-agrupacion-de-santander-con-el-objetivo-marcardo-de-lograr-la-alcaldia-en-2019\/","title":{"rendered":"El PSOE celebra el 130 aniversario de la agrupaci\u00f3n de Santander con el objetivo marcardo de lograr la alcald\u00eda en 2019"},"content":{"rendered":"<p>El PSOE de Santander ha celebrado este s\u00e1bado, 28 de abril, el 130 aniversario de la agrupaci\u00f3n local, en un acto, en el Hotel Palacio del Mar, a partir de las 13.30h, con la participaci\u00f3n de la vicesecretaria general del PSOE, Adriana Lastra y los secretarios generales del PSOE de Cantabria y Santander, Pablo Zuloaga y Pedro Casares.<\/p>\n<p>Adem\u00e1s de la n\u00famero dos del PSOE, han acompa\u00f1ado a los socialistas santanderinos Mar\u00eda Luisa Carcedo, secretaria de Sanidad y Consumo de la Comisi\u00f3n Ejecutiva Federal del PSOE, el secretario general del PSOE de Castilla y Le\u00f3n, Luis Tudanca, y el portavoz de los socialistas vascos, Jos\u00e9 Antonio Pastor.<\/p>\n<p>En el acto, el PSOE ha homenajeado a militantes hist\u00f3ricos que refundaron el partido en democracia, a militantes con m\u00e1s de 30 a\u00f1os de afiliaci\u00f3n y m\u00e1s de 80 a\u00f1os de edad, as\u00ed como a los candidatos socialistas a la Alcald\u00eda de Santander desde 1979. El rabelista Chema Puente ha participado en el acto poniendo voz, a trav\u00e9s de sus canciones, a los problemas que tienen hoy en d\u00eda los santanderinos, o su legendaria Santander, la marinera.<\/p>\n<p>Tras ensalzar los 130 a\u00f1os de historia del PSOE en la capital c\u00e1ntabra, la vicesecretaria general del PSOE, Adriana Lastra ha dado a paso a Pedro Casares, a quien ha presentado como &#8220;el pr\u00f3ximo alcalde de Santander&#8221; y, precisamente, \u00e9l tambi\u00e9n ha confiado en que la ciudad &#8220;por primera vez en su historia&#8221; tenga a partir de 2019 un alcalde socialista.<\/p>\n<p>Casares, tras recordar la primera asamblea-mit\u00edn de afiliados de la agrupaci\u00f3n el 1 de noviembre de 1887, ha apelado al &#8220;orgullo&#8221; de esa historia de los socialistas santanderinos para desarrollar un proyecto &#8220;coherente, cre\u00edble y reconocible&#8221; y que los vecinos sepan que &#8220;el PSOE es la \u00fanica alternativa al desgobierno y la incapacidad del PP y Gema Igual&#8221;.<\/p>\n<p>Ha reconocido que &#8220;no va a ser f\u00e1cil el a\u00f1o&#8221; que queda hasta los comicios pero ha pedido el trabajo de todos &#8220;para lograr la confianza de los santanderinos&#8221; frente a un PP que &#8220;no puede dar lecciones de decencia y honradez&#8221;. &#8220;Queda un a\u00f1o para hacer historia, para lograr el cambio hist\u00f3rico en la ciudad de Santander y tener por primera vez en democracia un alcalde socialista&#8221;, ha enfatizado.<\/p>\n<p>Zuloaga ha ensalzado la &#8220;dedicaci\u00f3n, honradez y compromiso&#8221; de Casares al frente de la agrupaci\u00f3n del PSOE de Santander y como portavoz municipal haciendo frente a un PP que 40 a\u00f1os gobernando la ciudad pero que ha confiado que &#8220;queda menos de un a\u00f1o para cambiar el rumbo de la historia y apartar a la derecha del Ayuntamiento de Santander&#8221;.<\/p>\n<p>Y es que, ha criticado, la capital tiene una alcaldesa, Gema Igual, que &#8220;ha hecho de la gesti\u00f3n su capricho y hace y deshace a su antojo y que vislumbra su hundimiento con cada paso en falso que da&#8221; como, ha citado, &#8220;el incendio de un museo municipal, la ca\u00edda de un edificio sin que haya consecuencias pol\u00edticas, p\u00e1ginas web traducidas en Google o curr\u00edculums falseados&#8221;.<\/p>\n<p>Zuloaga ha enfatizado que este PP de Santander es el &#8220;mismo que el de Buruaga, De la Serna y Rajoy&#8221;. &#8220;Todos son iguales, cada uno va a lo suyo y siguen mintiendo, trampeando y castigando a los ciudadanos de Santander y Cantabria&#8221; y ha destacado que el PSOE va a tratar de &#8220;frenar el insulto&#8221; de los &#8216;populares&#8217; y cambiar las cosas.<\/p>\n<p>Para ello, el secretario general del PSOE de Cantabria ha destacado que el partido ya est\u00e1 trabajando en un proyecto para las pr\u00f3ximas elecciones y que, ha adelantado, tendr\u00e1 entre sus cuestiones principales las pol\u00edticas activas de empleo, una mayor defensa de la educaci\u00f3n y sanidad p\u00fablica y mejores pol\u00edticas sociales.<\/p>\n<p>La vicesecretaria general del PSOE, Adriana Lastra, ha apelado a impulsar una reforma de la Constituci\u00f3n y reconocer en ella la igualdad entre hombres y mujeres para evitar sentencias como la de la Audiencia de Navarra en el caso de &#8216;La Manada&#8217;.<\/p>\n<p>&#8220;Este es el momento y hay que hacerlo aunque sea para que ning\u00fan juez vuelva a tener la veleidad de decir que a una joven a la que se arrincona en un portal, se la penetra once veces por todos los orificios, se la somete, se la humilla y se la denigra, que eso no es una violaci\u00f3n&#8221;, ha enfatizado la dirigente socialista.<\/p>\n<p>Para Lastra, la sentencia conocida esta semana, y que condena a nueve a\u00f1os de prisi\u00f3n por abuso sexual y no por violaci\u00f3n a los cinco integrantes de &#8216;La Manada&#8217;, muestra que tenemos &#8220;una justicia machista y patriarcal&#8221; que es el reflejo de nuestra sociedad.<\/p>\n<p>Por ello, ha llamado a reconocer esa igualdad real y efectiva entre hombres y mujeres en la Constituci\u00f3n, as\u00ed como impulsar la &#8220;coeducaci\u00f3n&#8221; en las escuelas desde la primera infancia para que &#8220;los ni\u00f1os sepan que todos somos iguales y casos como el de la manada no vuelvan a suceder&#8221;.<\/p>\n<p>Lastra as\u00ed lo ha manifestado este s\u00e1bado en Santander donde ha participado en una comida-mit\u00edn por los 130 a\u00f1os de la agrupaci\u00f3n socialista en la capital c\u00e1ntabra, un acto en el que ha intervenido junto al secretario general del PSOE de Cantabria, Pablo Zuloaga, y su hom\u00f3logo en Santander, Pedro Casares.<\/p>\n<p>La n\u00famero dos del PSOE tambi\u00e9n se ha referido a otros temas de actualidad como la crisis en la Comunidad de Madrid en donde ha destacado el &#8220;paso al frente&#8221; de los socialistas ante la pol\u00e9mica que rodeaba a la hasta hace tres d\u00edas presidenta, Cristian Cifuentes.<\/p>\n<p>El PSOE ha presentado una moci\u00f3n de censura, con \u00c1ngel Gabilondo como candidato, y lo ha hecho &#8220;por responsabilidad, dignidad, honestidad y limpieza de las instituciones&#8221; despu\u00e9s de que se haya &#8220;demostrado que el PP ha robado a todos los madrile\u00f1os con la P\u00fanica, Lezo o G\u00fcrtel&#8221; y que tambi\u00e9n &#8220;ha robado el prestigio a la universidad p\u00fablica y el valor de sus t\u00edtulos a los universitarios&#8221;.<\/p>\n<p>Por ello, de cara al debate y votaci\u00f3n de esa moci\u00f3n de censura en la Asamblea de Madrid y para la que el PSOE tiene asegurado el apoyo de Podemoes, ha pedido a Cs que deje de &#8220;tapar el hedor nauseabundo de la corrupci\u00f3n del PP&#8221; y apoye un gobierno encabezado por Gabilondo.<\/p>\n<p>&#8220;La otra derecha, la que dec\u00eda que ven\u00eda regenerar la vida pol\u00edtica y que solo est\u00e1 sirviendo para apuntalar las pol\u00edticas del PP y para tapar su corrupci\u00f3n y el hedor nauseabundo que emana por todo Madrid, tendr\u00e1 que decidir si realmente quiere regenerar la vida pol\u00edtica y ser una fuerza pol\u00edtica moderna o si quiere seguir siendo la muleta del PP y su corrupci\u00f3n&#8221;, ha dicho la dirigente socialista.<\/p>\n<p>Tambi\u00e9n ha hablado de la disoluci\u00f3n de ETA, que ha reivindicado que es ya una &#8220;realidad&#8221; gracias al trabajo desarrollo por los socialistas Jos\u00e9 Luis Rodr\u00edguez Zapatero y Alfredo P\u00e9rez Rubalcaba, como presidente del Gobierno y ministro del Interior respectivamente, as\u00ed como Patxi L\u00f3pez al frente del Gobierno Vasco.<\/p>\n<p>&#8220;Esto hay que reivindicarlo porque yo soy patriota de partido, no solo de pa\u00eds, y hay que decir con orgullo lo que nuestros compa\u00f1eros han hecho&#8221; porque, ha insistido, ellos &#8220;pusieron las bases para que esa disoluci\u00f3n sea una realidad&#8221;.<\/p>\n<p>Por otro lado, la vicesecretaria general del PSOE tambi\u00e9n ha destacado el papel de los socialistas ante el independentismo catal\u00e1n porque, a pesar de &#8220;no querer tener nada que ver con las pol\u00edticas del PP&#8221;, decidieron &#8220;estar en la defensa de la Constituci\u00f3n y la defensa del Estado de Derecho&#8221; apoyando la aplicaci\u00f3n del art\u00edculo 155. <\/p>\n","protected":false},"excerpt":{"rendered":"<p>El PSOE de Santander ha celebrado este s\u00e1bado, 28 de abril, el 130 aniversario de la agrupaci\u00f3n local, en un acto, en el Hotel Palacio del Mar, a partir de las 13.30h, con la participaci\u00f3n de la vicesecretaria general del PSOE, Adriana Lastra y los secretarios generales del PSOE de Cantabria y Santander, Pablo Zuloaga [&hellip;]<\/p>\n","protected":false},"author":2,"featured_media":1614,"comment_status":"open","ping_status":"open","sticky":false,"template":"","format":"standard","meta":{"tdm_status":"","tdm_grid_status":"","footnotes":""},"categories":[20,16],"tags":[],"class_list":["post-1613","post","type-post","status-publish","format-standard","has-post-thumbnail","hentry","category-santander","category-noticias-santander"],"_links":{"self":[{"href":"https:\/\/www.psc-psoe.es\/index.php\/wp-json\/wp\/v2\/posts\/1613","targetHints":{"allow":["GET"]}}],"collection":[{"href":"https:\/\/www.psc-psoe.es\/index.php\/wp-json\/wp\/v2\/posts"}],"about":[{"href":"https:\/\/www.psc-psoe.es\/index.php\/wp-json\/wp\/v2\/types\/post"}],"author":[{"embeddable":true,"href":"https:\/\/www.psc-psoe.es\/index.php\/wp-json\/wp\/v2\/users\/2"}],"replies":[{"embeddable":true,"href":"https:\/\/www.psc-psoe.es\/index.php\/wp-json\/wp\/v2\/comments?post=1613"}],"version-history":[{"count":0,"href":"https:\/\/www.psc-psoe.es\/index.php\/wp-json\/wp\/v2\/posts\/1613\/revisions"}],"wp:featuredmedia":[{"embeddable":true,"href":"https:\/\/www.psc-psoe.es\/index.php\/wp-json\/wp\/v2\/media\/1614"}],"wp:attachment":[{"href":"https:\/\/www.psc-psoe.es\/index.php\/wp-json\/wp\/v2\/media?parent=1613"}],"wp:term":[{"taxonomy":"category","embeddable":true,"href":"https:\/\/www.psc-psoe.es\/index.php\/wp-json\/wp\/v2\/categories?post=1613"},{"taxonomy":"post_tag","embeddable":true,"href":"https:\/\/www.psc-psoe.es\/index.php\/wp-json\/wp\/v2\/tags?post=1613"}],"curies":[{"name":"wp","href":"https:\/\/api.w.org\/{rel}","templated":true}]}}