{"id":1598,"date":"2018-04-26T19:12:59","date_gmt":"2018-04-26T18:12:59","guid":{"rendered":"http:\/\/psc-psoe.es\/?p=1598"},"modified":"2019-01-03T19:14:34","modified_gmt":"2019-01-03T18:14:34","slug":"el-psoe-se-une-a-la-indignacion-de-la-sentencia-contra-la-manada","status":"publish","type":"post","link":"https:\/\/www.psc-psoe.es\/index.php\/2018\/04\/26\/el-psoe-se-une-a-la-indignacion-de-la-sentencia-contra-la-manada\/","title":{"rendered":"El PSOE se une a la indignacion de la sentencia contra La Manada"},"content":{"rendered":"<p>La secretaria de Organizaci\u00f3n del PSOE de Cantabria, Noelia Cobo, asegura que \u201clos y las socialistas de Cantabria, lamentamos la sentencia emitida por la Audiencia de Navarra contra los miembros de La Manada\u201d.<\/p>\n<p>Una vez conocidos los datos del fallo contra los cinco procesados condenados por abuso sexual en los hechos ocurridos en los Sanfermines del 2017, Cobo manifiesta que \u201cdesde el PSOE de Cantabria compartimos y formamos parte de la indignaci\u00f3n que siente la mayor\u00eda de ciudadanos y ciudadanas de este pa\u00eds con una sentencia que, en este caso, no nos parece justa\u201d.<\/p>\n<p>\u201cEstamos ante un fallo que no proyecta seguridad a las mujeres, en un momento en el que el PSOE y la mayor\u00eda de la sociedad de este pa\u00eds est\u00e1 m\u00e1s comprometido que nunca en la lucha por la igualdad de g\u00e9nero\u201d, subraya.<\/p>\n<p>En este sentido, considera \u00a0que \u201cesta sentencia nos coloca en una revisi\u00f3n legislativa importante, en el \u00e1mbito de la aplicaci\u00f3n de la tutela judicial efectiva para la mujer, para que sea real\u201d.<\/p>\n<p>La n\u00famero dos de los y las socialistas de Cantabria, afirma que \u201cel PSOE ya tiene registrada en el Congreso una proposici\u00f3n de modificaci\u00f3n de ley org\u00e1nica del Poder Judicial, que va encaminada a que los profesionales que trabajen en la justicia puedan hacer una interpretaci\u00f3n m\u00e1s correcta y protectora de las leyes contra el machismo\u201d.<\/p>\n<p>Por eso, dice que \u201cnecesitamos que las leyes sean interpretadas con arreglo a la realidad, a una realidad culturalmente machista y discriminatoria contra los derechos de las mujeres\u201d.<\/p>\n<p><strong>El PSOE de Cantabria se suma a las concentraciones<\/strong><\/p>\n<p>Por otro lado, la dirigente socialista afirma que \u201clos y las socialistas de Cantabria hemos participado en las concentraciones que se han llevado a cabo en Santander para decir alto y claro que, no es no\u201d.<\/p>\n<p>\u201cLos y las socialistas de Cantabria hemos salido a la calle, para unirnos al sentimiento de disconformidad que tiene la mayor\u00eda de hombres y mujeres de este pa\u00eds con un fallo, que no podemos compartir, porque es injusto e irresponsable\u201d.<\/p>\n<p>Asimismo, Noelia Cobo hace un llamamiento a la militancia para que participe de las concentraciones o manifestaciones que se celebren en Cantabria contra la condena a La Manada. <\/p>\n","protected":false},"excerpt":{"rendered":"<p>La secretaria de Organizaci\u00f3n del PSOE de Cantabria, Noelia Cobo, asegura que \u201clos y las socialistas de Cantabria, lamentamos la sentencia emitida por la Audiencia de Navarra contra los miembros de La Manada\u201d. Una vez conocidos los datos del fallo contra los cinco procesados condenados por abuso sexual en los hechos ocurridos en los Sanfermines [&hellip;]<\/p>\n","protected":false},"author":2,"featured_media":1599,"comment_status":"open","ping_status":"open","sticky":false,"template":"","format":"standard","meta":{"tdm_status":"","tdm_grid_status":"","footnotes":""},"categories":[24],"tags":[],"class_list":["post-1598","post","type-post","status-publish","format-standard","has-post-thumbnail","hentry","category-partido"],"_links":{"self":[{"href":"https:\/\/www.psc-psoe.es\/index.php\/wp-json\/wp\/v2\/posts\/1598","targetHints":{"allow":["GET"]}}],"collection":[{"href":"https:\/\/www.psc-psoe.es\/index.php\/wp-json\/wp\/v2\/posts"}],"about":[{"href":"https:\/\/www.psc-psoe.es\/index.php\/wp-json\/wp\/v2\/types\/post"}],"author":[{"embeddable":true,"href":"https:\/\/www.psc-psoe.es\/index.php\/wp-json\/wp\/v2\/users\/2"}],"replies":[{"embeddable":true,"href":"https:\/\/www.psc-psoe.es\/index.php\/wp-json\/wp\/v2\/comments?post=1598"}],"version-history":[{"count":0,"href":"https:\/\/www.psc-psoe.es\/index.php\/wp-json\/wp\/v2\/posts\/1598\/revisions"}],"wp:featuredmedia":[{"embeddable":true,"href":"https:\/\/www.psc-psoe.es\/index.php\/wp-json\/wp\/v2\/media\/1599"}],"wp:attachment":[{"href":"https:\/\/www.psc-psoe.es\/index.php\/wp-json\/wp\/v2\/media?parent=1598"}],"wp:term":[{"taxonomy":"category","embeddable":true,"href":"https:\/\/www.psc-psoe.es\/index.php\/wp-json\/wp\/v2\/categories?post=1598"},{"taxonomy":"post_tag","embeddable":true,"href":"https:\/\/www.psc-psoe.es\/index.php\/wp-json\/wp\/v2\/tags?post=1598"}],"curies":[{"name":"wp","href":"https:\/\/api.w.org\/{rel}","templated":true}]}}