{"id":1595,"date":"2018-04-26T13:00:24","date_gmt":"2018-04-26T12:00:24","guid":{"rendered":"http:\/\/psc-psoe.es\/?p=1595"},"modified":"2019-01-03T19:12:47","modified_gmt":"2019-01-03T18:12:47","slug":"dimite-javier-solana-concejal-del-psoe-en-el-ayuntamiento-de-laredo","status":"publish","type":"post","link":"https:\/\/www.psc-psoe.es\/index.php\/2018\/04\/26\/dimite-javier-solana-concejal-del-psoe-en-el-ayuntamiento-de-laredo\/","title":{"rendered":"Dimite Javier Solana, concejal del PSOE en el Ayuntamiento de Laredo"},"content":{"rendered":"<p>Javier Solana, concejal del PSOE de Juventud, Deportes y Participaci\u00f3n Ciudadana del Ayuntamiento de Laredo, ha hecho p\u00fablica su dimisi\u00f3n en el Pleno que ha celebrado el Consistorio este mismo jueves, 26 de abril.<\/p>\n<p>Solana, asegura que \u201cla decisi\u00f3n de mi dimisi\u00f3n se debe a motivos personales\u201d y a\u00f1ade que, \u201cmi intenci\u00f3n es marcharme tranquilo y sin hacer ruido\u201d.<\/p>\n<p>El hasta ahora edil socialista, ha ocupado el su cargo como concejal durante casi tres a\u00f1os. A\u00f1os en los que afirma, \u201che puesto todos mis conocimientos a disposici\u00f3n del partido con honestidad y lealtad\u201d.<\/p>\n<p>Recordando su profesi\u00f3n de profesor de Educaci\u00f3n F\u00edsica, se\u00f1ala que \u201cen la mayor\u00eda de ocasiones ha ejercido una labor t\u00e9cnica m\u00e1s que pol\u00edtica\u201d y finaliza que, \u201cel balance de estos a\u00f1os ha sido muy positivo\u201d.<\/p>\n<p>El PSOE de Cantabria informa de que terminado el plazo de presentaci\u00f3n de precandidaturas al proceso de primarias para elegir el candidato o la candidata a la presidencia del Gobierno de Cantabria, los precandidatos son Pablo Zuloaga Mart\u00ednez, que lo ha registrado de manera presencial en la Sede del PSOE de Cantabria y Ricardo Cort\u00e9s Lastra que ha registrado su precandidatura de manera telem\u00e1tica. <\/p>\n","protected":false},"excerpt":{"rendered":"<p>Javier Solana, concejal del PSOE de Juventud, Deportes y Participaci\u00f3n Ciudadana del Ayuntamiento de Laredo, ha hecho p\u00fablica su dimisi\u00f3n en el Pleno que ha celebrado el Consistorio este mismo jueves, 26 de abril. Solana, asegura que \u201cla decisi\u00f3n de mi dimisi\u00f3n se debe a motivos personales\u201d y a\u00f1ade que, \u201cmi intenci\u00f3n es marcharme tranquilo [&hellip;]<\/p>\n","protected":false},"author":2,"featured_media":1596,"comment_status":"open","ping_status":"open","sticky":false,"template":"","format":"standard","meta":{"tdm_status":"","tdm_grid_status":"","footnotes":""},"categories":[6,41],"tags":[],"class_list":["post-1595","post","type-post","status-publish","format-standard","has-post-thumbnail","hentry","category-agrupaciones","category-costa-oriental"],"_links":{"self":[{"href":"https:\/\/www.psc-psoe.es\/index.php\/wp-json\/wp\/v2\/posts\/1595","targetHints":{"allow":["GET"]}}],"collection":[{"href":"https:\/\/www.psc-psoe.es\/index.php\/wp-json\/wp\/v2\/posts"}],"about":[{"href":"https:\/\/www.psc-psoe.es\/index.php\/wp-json\/wp\/v2\/types\/post"}],"author":[{"embeddable":true,"href":"https:\/\/www.psc-psoe.es\/index.php\/wp-json\/wp\/v2\/users\/2"}],"replies":[{"embeddable":true,"href":"https:\/\/www.psc-psoe.es\/index.php\/wp-json\/wp\/v2\/comments?post=1595"}],"version-history":[{"count":0,"href":"https:\/\/www.psc-psoe.es\/index.php\/wp-json\/wp\/v2\/posts\/1595\/revisions"}],"wp:featuredmedia":[{"embeddable":true,"href":"https:\/\/www.psc-psoe.es\/index.php\/wp-json\/wp\/v2\/media\/1596"}],"wp:attachment":[{"href":"https:\/\/www.psc-psoe.es\/index.php\/wp-json\/wp\/v2\/media?parent=1595"}],"wp:term":[{"taxonomy":"category","embeddable":true,"href":"https:\/\/www.psc-psoe.es\/index.php\/wp-json\/wp\/v2\/categories?post=1595"},{"taxonomy":"post_tag","embeddable":true,"href":"https:\/\/www.psc-psoe.es\/index.php\/wp-json\/wp\/v2\/tags?post=1595"}],"curies":[{"name":"wp","href":"https:\/\/api.w.org\/{rel}","templated":true}]}}