{"id":1592,"date":"2018-04-25T19:09:31","date_gmt":"2018-04-25T18:09:31","guid":{"rendered":"http:\/\/psc-psoe.es\/?p=1592"},"modified":"2019-02-19T13:16:46","modified_gmt":"2019-02-19T12:16:46","slug":"la-vicesecretaria-general-del-psoe-adriana-lastra-participara-en-el-130-aniversario-de-la-agrupacion-de-santander","status":"publish","type":"post","link":"https:\/\/www.psc-psoe.es\/index.php\/2018\/04\/25\/la-vicesecretaria-general-del-psoe-adriana-lastra-participara-en-el-130-aniversario-de-la-agrupacion-de-santander\/","title":{"rendered":"La vicesecretaria general del PSOE, Adriana Lastra, participar\u00e1 en el 130 aniversario de la agrupaci\u00f3n de Santander"},"content":{"rendered":"<p>El PSOE de Santander celebra este s\u00e1bado, 28 de abril, el 130 aniversario de la agrupaci\u00f3n local, en un acto, que tendr\u00e1 lugar en el Hotel Palacio del Mar, a partir de las 13.30h, con la participaci\u00f3n de la vicesecretaria general del PSOE, Adriana Lastra.<\/p>\n<p>Adem\u00e1s de la n\u00famero dos del PSOE, acompa\u00f1ar\u00e1n a los socialistas santanderinos Jos\u00e9 F\u00e9lix Tezanos, secretario de Estudios y Programas, y Mar\u00eda Luisa Carcedo, secretaria de Sanidad y Consumo de la Comisi\u00f3n Ejecutiva Federal del PSOE.<\/p>\n<p>En el acto, el PSOE homenajear\u00e1 a militantes hist\u00f3ricos que refundaron el partido en democracia, a militantes con m\u00e1s de 30 a\u00f1os de afiliaci\u00f3n y m\u00e1s de 80 a\u00f1os de edad, as\u00ed como a los candidatos socialistas a la Alcald\u00eda de Santander desde 1979.<\/p>\n<p>El rabelista Chema Puente participar\u00e1 en el acto poniendo voz, a trav\u00e9s de sus canciones, a los problemas que tienen hoy en d\u00eda los santanderinos, o su legendaria Santander, la marinera.<\/p>\n<p>El secretario general del PSOE de Santander, Pedro Casares, afirma que el acto rememora la primera asamblea-mitin de afiliados de la agrupaci\u00f3n, el 1 de noviembre de 1887. \u201cUna cita con la historia en un momento importante para la ciudad\u201d.<\/p>\n<p>Casares, en un comunicado de prensa, ha incidido en los &#8220;valores de solidaridad, justicia, igualdad y libertad del socialismo como los mejores principios para lograr que las personas vivan mejor&#8221;. \u201cSantander no es hoy la misma que la de aquellos a\u00f1os de finales del siglo XIX, pero necesita al PSOE tanto como entonces\u201d asegura el l\u00edder socialista.<\/p>\n<p>Para Casares, ser\u00e1 un d\u00eda \u201cde recuerdo a nuestra memoria y de compromiso con nuestro presente y futuro\u201d para celebrar 130 a\u00f1os de compromiso y lucha colectiva por hacer una sociedad mejor \u201ccon el que dar arranque a un a\u00f1o decisivo para liderar el cambio hist\u00f3rico en Santander\u201d.<\/p>\n<p>En el acto estar\u00e1n tambi\u00e9n el secretario general del PSOE de Cantabria, Pablo Zuloaga y miembros de la Comisi\u00f3n Ejecutiva Regional, as\u00ed como los principales cargos institucionales del PSOE en Cantabria y miembros de CCOO y UGT, como su secretario general, Mariano Carmona.<\/p>\n<p>Asimismo, han confirmado su presencia dirigentes de la Federaci\u00f3n Socialista Asturiana, del PSE-EE o del PSOE de Castilla y Le\u00f3n como su secretario general, Luis Tudanca, invitados todos ellos al ser federaciones lim\u00edtrofes con las que la agrupaci\u00f3n mantiene lazos hist\u00f3ricos. <\/p>\n","protected":false},"excerpt":{"rendered":"<p>El PSOE de Santander celebra este s\u00e1bado, 28 de abril, el 130 aniversario de la agrupaci\u00f3n local, en un acto, que tendr\u00e1 lugar en el Hotel Palacio del Mar, a partir de las 13.30h, con la participaci\u00f3n de la vicesecretaria general del PSOE, Adriana Lastra. Adem\u00e1s de la n\u00famero dos del PSOE, acompa\u00f1ar\u00e1n a los [&hellip;]<\/p>\n","protected":false},"author":2,"featured_media":1593,"comment_status":"open","ping_status":"open","sticky":false,"template":"","format":"standard","meta":{"tdm_status":"","tdm_grid_status":"","footnotes":""},"categories":[20,16],"tags":[],"class_list":["post-1592","post","type-post","status-publish","format-standard","has-post-thumbnail","hentry","category-santander","category-noticias-santander"],"_links":{"self":[{"href":"https:\/\/www.psc-psoe.es\/index.php\/wp-json\/wp\/v2\/posts\/1592","targetHints":{"allow":["GET"]}}],"collection":[{"href":"https:\/\/www.psc-psoe.es\/index.php\/wp-json\/wp\/v2\/posts"}],"about":[{"href":"https:\/\/www.psc-psoe.es\/index.php\/wp-json\/wp\/v2\/types\/post"}],"author":[{"embeddable":true,"href":"https:\/\/www.psc-psoe.es\/index.php\/wp-json\/wp\/v2\/users\/2"}],"replies":[{"embeddable":true,"href":"https:\/\/www.psc-psoe.es\/index.php\/wp-json\/wp\/v2\/comments?post=1592"}],"version-history":[{"count":0,"href":"https:\/\/www.psc-psoe.es\/index.php\/wp-json\/wp\/v2\/posts\/1592\/revisions"}],"wp:featuredmedia":[{"embeddable":true,"href":"https:\/\/www.psc-psoe.es\/index.php\/wp-json\/wp\/v2\/media\/1593"}],"wp:attachment":[{"href":"https:\/\/www.psc-psoe.es\/index.php\/wp-json\/wp\/v2\/media?parent=1592"}],"wp:term":[{"taxonomy":"category","embeddable":true,"href":"https:\/\/www.psc-psoe.es\/index.php\/wp-json\/wp\/v2\/categories?post=1592"},{"taxonomy":"post_tag","embeddable":true,"href":"https:\/\/www.psc-psoe.es\/index.php\/wp-json\/wp\/v2\/tags?post=1592"}],"curies":[{"name":"wp","href":"https:\/\/api.w.org\/{rel}","templated":true}]}}