{"id":1573,"date":"2018-04-21T18:56:20","date_gmt":"2018-04-21T17:56:20","guid":{"rendered":"http:\/\/psc-psoe.es\/?p=1573"},"modified":"2019-02-19T13:17:14","modified_gmt":"2019-02-19T12:17:14","slug":"pedro-casares-destaca-que-el-psoe-esta-demostrando-en-cartagena-que-se-puede-gobernar-con-dialogo","status":"publish","type":"post","link":"https:\/\/www.psc-psoe.es\/index.php\/2018\/04\/21\/pedro-casares-destaca-que-el-psoe-esta-demostrando-en-cartagena-que-se-puede-gobernar-con-dialogo\/","title":{"rendered":"Pedro Casares destaca que el PSOE est\u00e1 demostrando en Cartagena que se puede gobernar con di\u00e1logo"},"content":{"rendered":"<p>El secretario general del PSOE y portavoz en el Ayuntamiento de Santander, Pedro Casares, ha visitado hoy Cartagena, en el marco de una Conferencia Abierta organizada para analizar la situaci\u00f3n de las Infraestructuras en la Regi\u00f3n de Murcia.<\/p>\n<p>Casares ha aprovechado la ocasi\u00f3n para realizar una visita institucional a la alcaldesa de la ciudad, Ana Bel\u00e9n Castej\u00f3n, de la que el portavoz del PSOE destaca su capacidad de di\u00e1logo para gobernar y mejorar la vida de los cartageneros y cartageneras.<\/p>\n<p>Para el portavoz del PSOE, &#8220;la alcaldesa est\u00e1 haciendo un esfuerzo enorme por sacar adelante una ciudad que alberga uno de los puertos m\u00e1s importantes del pa\u00eds, una significativa industria naval y militar y una destacada presencia de la agricultura de la comarca del Campo de Cartagena&#8221;.<\/p>\n<p>En este sentido, el edil considera que &#8220;frente al modelo de la imposici\u00f3n y la incapacida de di\u00e1logo de Gema Igual en Santander vemos el ejemplo de otras alcadesas como Ana Bel\u00e9n que anteponen el consenso y la b\u00fasqueda de acuerdos para seguir trabajando por el bienestar y el progreso de su ciudad, hablando y dialogando con todos&#8221;.<\/p>\n<p>&#8220;El PSOE demuestra en cada lugar en el que gobierna, como en Cartagena, que el di\u00e1logo es para nosotros la herramienta fundamental para transformar la sociedad gobernando pensando siempre en mejorar la vida de la ciudadan\u00eda&#8221; ha asegurado Casares. <\/p>\n","protected":false},"excerpt":{"rendered":"<p>El secretario general del PSOE y portavoz en el Ayuntamiento de Santander, Pedro Casares, ha visitado hoy Cartagena, en el marco de una Conferencia Abierta organizada para analizar la situaci\u00f3n de las Infraestructuras en la Regi\u00f3n de Murcia. Casares ha aprovechado la ocasi\u00f3n para realizar una visita institucional a la alcaldesa de la ciudad, Ana [&hellip;]<\/p>\n","protected":false},"author":2,"featured_media":1574,"comment_status":"open","ping_status":"open","sticky":false,"template":"","format":"standard","meta":{"tdm_status":"","tdm_grid_status":"","footnotes":""},"categories":[20,16],"tags":[],"class_list":["post-1573","post","type-post","status-publish","format-standard","has-post-thumbnail","hentry","category-santander","category-noticias-santander"],"_links":{"self":[{"href":"https:\/\/www.psc-psoe.es\/index.php\/wp-json\/wp\/v2\/posts\/1573","targetHints":{"allow":["GET"]}}],"collection":[{"href":"https:\/\/www.psc-psoe.es\/index.php\/wp-json\/wp\/v2\/posts"}],"about":[{"href":"https:\/\/www.psc-psoe.es\/index.php\/wp-json\/wp\/v2\/types\/post"}],"author":[{"embeddable":true,"href":"https:\/\/www.psc-psoe.es\/index.php\/wp-json\/wp\/v2\/users\/2"}],"replies":[{"embeddable":true,"href":"https:\/\/www.psc-psoe.es\/index.php\/wp-json\/wp\/v2\/comments?post=1573"}],"version-history":[{"count":0,"href":"https:\/\/www.psc-psoe.es\/index.php\/wp-json\/wp\/v2\/posts\/1573\/revisions"}],"wp:featuredmedia":[{"embeddable":true,"href":"https:\/\/www.psc-psoe.es\/index.php\/wp-json\/wp\/v2\/media\/1574"}],"wp:attachment":[{"href":"https:\/\/www.psc-psoe.es\/index.php\/wp-json\/wp\/v2\/media?parent=1573"}],"wp:term":[{"taxonomy":"category","embeddable":true,"href":"https:\/\/www.psc-psoe.es\/index.php\/wp-json\/wp\/v2\/categories?post=1573"},{"taxonomy":"post_tag","embeddable":true,"href":"https:\/\/www.psc-psoe.es\/index.php\/wp-json\/wp\/v2\/tags?post=1573"}],"curies":[{"name":"wp","href":"https:\/\/api.w.org\/{rel}","templated":true}]}}