{"id":1565,"date":"2018-04-18T18:52:00","date_gmt":"2018-04-18T17:52:00","guid":{"rendered":"http:\/\/psc-psoe.es\/?p=1565"},"modified":"2019-02-19T13:17:28","modified_gmt":"2019-02-19T12:17:28","slug":"pedro-casares-considera-que-valladolid-es-un-ejemplo-en-politicas-de-empleo-y-recuperacion-del-talento-joven","status":"publish","type":"post","link":"https:\/\/www.psc-psoe.es\/index.php\/2018\/04\/18\/pedro-casares-considera-que-valladolid-es-un-ejemplo-en-politicas-de-empleo-y-recuperacion-del-talento-joven\/","title":{"rendered":"Pedro Casares considera que Valladolid es un ejemplo en pol\u00edticas de empleo y recuperaci\u00f3n del talento joven"},"content":{"rendered":"<p>El secretario general del PSOE y portavoz en el Ayuntamiento de Santander, Pedro Casares, ha realizado hoy una visita institucional al alcalde de Valladolid, \u00d3scar Puente y conocer \u201cde primera mano\u201d proyectos pioneros a nivel nacional en pol\u00edticas de empleo.<\/p>\n<p>Casares considera que el ayuntamiento de Valladolid es un ejemplo en pol\u00edticas de empleo y recuperaci\u00f3n del talento joven \u201cdesde que en 2015 cambiara el color pol\u00edtico y hoy \u00d3scar Puente lidere la ciudad, despu\u00e9s de a\u00f1os de equivocadas pol\u00edticas de la derecha\u201d.<\/p>\n<p><strong>Recuperar el talento joven<\/strong><\/p>\n<p>En este sentido, el portavoz del PSOE ha puesto en valor el Plan de Recuperar Talento Joven que se ejecuta desde la Agencia de Innovaci\u00f3n y Desarrollo Econ\u00f3mico. \u201cUn plan para el retorno de todos esos j\u00f3venes de Valladolid que se tuvieron que marchar forzosamente y que hoy pueden volver a tener una oportunidad para vivir y trabajar aqu\u00ed, y tambi\u00e9n la retenci\u00f3n de quienes est\u00e1n estudiando no tengan que abandonar la ciudad y la regi\u00f3n\u201d.<\/p>\n<p>El l\u00edder de los socialistas santanderinos recuerda que el PSOE present\u00f3 una iniciativa similar en el Ayuntamiento de Santander en el Pleno del pasado 30 de octubre \u201cpero el PP hizo imposible que se aprobase\u201d.<\/p>\n<p>De esta forma, Casares explica el marcado car\u00e1cter innovador, a diferencia de otras propuestas similares, con el que desde Valladolid se pretende contribuir a la toma de la decisi\u00f3n de volver, \u201cque ha tenido repercusi\u00f3n medi\u00e1tica tanto en Espa\u00f1a como en el extranjero, y est\u00e1 sirviendo de modelo para otros ayuntamientos como el de Barcelona, C\u00f3rdoba y Castell\u00f3n\u201d.<\/p>\n<p>Adem\u00e1s, el edil pone en valor el ejemplo de participaci\u00f3n llevado a cabo en Valladolid con la creaci\u00f3n de un grupo de trabajo en el seno del Consejo Asesor de la Agencia de Innovaci\u00f3n. \u201cCuando de verdad se cree y se quiere apostar por hacer ciudad, por mejorar la vida de la gente, no se teme a la participaci\u00f3n ciudadana sino que se fomenta y se construye desde abajo\u201d explica el edil.<\/p>\n<p><strong>Verdadero Pacto por el Empleo Local<\/strong><\/p>\n<p>Para el edil, \u201ces fundamental\u201d un \u201cverdadero\u201d pacto por el empleo local, como en Valladolid, \u201cque tenga como objetivo finalista la reinserci\u00f3n laboral de desempleados pero tambi\u00e9n la apuesta por nuevas fuentes de generaci\u00f3n de actividad econ\u00f3mica\u201d.<\/p>\n<p>As\u00ed, el l\u00edder socialista asegura que \u201ccuando se quiere, se puede crear empleo\u201d como demuestran las Lanzaderas de Empleo en Valladolid. \u201cSon una de las acciones clave en la l\u00ednea de mejora de la empleabilidad que recoge el Plan de Empleo Municipal y un factor de cohesi\u00f3n social necesario para la creaci\u00f3n de nuevos puestos de trabajo\u201d enfatiza.<\/p>\n<p>\u201cSolo el Ayuntamiento de Valladolid tiene catorce lanzaderas, convirti\u00e9ndose en la administraci\u00f3n con mayor n\u00famero de este tipo de iniciativas de \u00e9xito\u201d se\u00f1ala el edil.<\/p>\n<p>Por \u00faltimo, Pedro Casares destaca que hay propuestas como la celebraci\u00f3n de una Lanzadera sectorial, dedicada en concreto al sector del comercio, \u201cque ser\u00eda muy positiva en Santander y que vamos a desarrollar\u201d.<\/p>\n<p>\u201cLa elevada demanda que tiene este programa entre los desempleados de la ciudad, as\u00ed como los buenos resultados en el n\u00famero de personas que encuentran trabajo, animaron al Ayuntamiento a incluir esta lanzadera en el programa\u201d explica Casares. Que concluye que el comercio es uno de los motores econ\u00f3micos de Santander, \u201cy este tipo de iniciativas sirven para luchar contra el desempleo y a la vez apoyar al comercio de proximidad&#8221;. <\/p>\n","protected":false},"excerpt":{"rendered":"<p>El secretario general del PSOE y portavoz en el Ayuntamiento de Santander, Pedro Casares, ha realizado hoy una visita institucional al alcalde de Valladolid, \u00d3scar Puente y conocer \u201cde primera mano\u201d proyectos pioneros a nivel nacional en pol\u00edticas de empleo. Casares considera que el ayuntamiento de Valladolid es un ejemplo en pol\u00edticas de empleo y [&hellip;]<\/p>\n","protected":false},"author":2,"featured_media":1566,"comment_status":"open","ping_status":"open","sticky":false,"template":"","format":"standard","meta":{"tdm_status":"","tdm_grid_status":"","footnotes":""},"categories":[20,16],"tags":[],"class_list":["post-1565","post","type-post","status-publish","format-standard","has-post-thumbnail","hentry","category-santander","category-noticias-santander"],"_links":{"self":[{"href":"https:\/\/www.psc-psoe.es\/index.php\/wp-json\/wp\/v2\/posts\/1565","targetHints":{"allow":["GET"]}}],"collection":[{"href":"https:\/\/www.psc-psoe.es\/index.php\/wp-json\/wp\/v2\/posts"}],"about":[{"href":"https:\/\/www.psc-psoe.es\/index.php\/wp-json\/wp\/v2\/types\/post"}],"author":[{"embeddable":true,"href":"https:\/\/www.psc-psoe.es\/index.php\/wp-json\/wp\/v2\/users\/2"}],"replies":[{"embeddable":true,"href":"https:\/\/www.psc-psoe.es\/index.php\/wp-json\/wp\/v2\/comments?post=1565"}],"version-history":[{"count":0,"href":"https:\/\/www.psc-psoe.es\/index.php\/wp-json\/wp\/v2\/posts\/1565\/revisions"}],"wp:featuredmedia":[{"embeddable":true,"href":"https:\/\/www.psc-psoe.es\/index.php\/wp-json\/wp\/v2\/media\/1566"}],"wp:attachment":[{"href":"https:\/\/www.psc-psoe.es\/index.php\/wp-json\/wp\/v2\/media?parent=1565"}],"wp:term":[{"taxonomy":"category","embeddable":true,"href":"https:\/\/www.psc-psoe.es\/index.php\/wp-json\/wp\/v2\/categories?post=1565"},{"taxonomy":"post_tag","embeddable":true,"href":"https:\/\/www.psc-psoe.es\/index.php\/wp-json\/wp\/v2\/tags?post=1565"}],"curies":[{"name":"wp","href":"https:\/\/api.w.org\/{rel}","templated":true}]}}