{"id":1546,"date":"2018-04-11T18:39:18","date_gmt":"2018-04-11T17:39:18","guid":{"rendered":"http:\/\/psc-psoe.es\/?p=1546"},"modified":"2019-01-03T18:40:15","modified_gmt":"2019-01-03T17:40:15","slug":"el-psoe-cree-que-el-saenz-de-buruaga-es-irresponsable-al-defender-unos-presupuestos-injustos-y-antisociales-para-cantabria","status":"publish","type":"post","link":"https:\/\/www.psc-psoe.es\/index.php\/2018\/04\/11\/el-psoe-cree-que-el-saenz-de-buruaga-es-irresponsable-al-defender-unos-presupuestos-injustos-y-antisociales-para-cantabria\/","title":{"rendered":"El PSOE cree que el S\u00e1enz de Buruaga es \u201cirresponsable\u201d al  defender unos presupuestos injustos y antisociales para Cantabria"},"content":{"rendered":"<p>La secretaria de Econom\u00eda y Comunicaci\u00f3n, Ainoa Qui\u00f1ones asegura que la presidenta del PP, Mar\u00eda Jos\u00e9 S\u00e1ez de Buruaga \u201cse equivoca rotundamente y falta al respeto una vez m\u00e1s a los c\u00e1ntabros y a las c\u00e1ntabras, al resaltar lo magn\u00edficos que son, a su entender, los Presupuestos Generales del Estado (PGE) para Cantabria\u201d.<\/p>\n<p>Para Qui\u00f1ones, \u201ces vergonzoso que la se\u00f1ora S\u00e1enz de Buruaga asegure que Cantabria es privilegiada por los presupuestos que el Gobierno de Espa\u00f1a va a destinar a nuestra Comunidad, cuando estamos ante unas cuentas realmente insuficientes para atender todas las necesidades de los c\u00e1ntabros y las c\u00e1ntabras\u201d.<\/p>\n<p>\u201cS\u00e1enz de Buruaga falta a la verdad y es una irresponsable al alardear unos presupuestos que son injustos, antisociales y que no solventan los problemas que hay en Cantabria\u201d, subraya.<\/p>\n<p>A su juicio, \u201cestos presupuestos no responden a las demandas de nuestra Comunidad pero s\u00ed a los intereses del Ministro de Fomento, I\u00f1igo de la Serna, que de los 272 millones de euros previstos para Cantabria, 235 millones de euros son para que su ministerio pueda hacer realidad todos las infograf\u00edas que ha vendido en sus visitas a esta regi\u00f3n\u201d.<\/p>\n<p>Una estrategia, la del PP y De la Serna que para la dirigente socialista es \u201cirreal y muy poco cre\u00edble, ya que lo que defiende el ministro de Fomento es un falso curr\u00edculum de infograf\u00edas que no se van a llevar a cabo porque en ning\u00fan caso esa inversi\u00f3n va a llegar a Cantabria en lo queda de a\u00f1o\u201d.<\/p>\n<p><strong>La osad\u00eda del PP y el error de Ciudadanos<\/strong><\/p>\n<p>Por otro lado, Qui\u00f1ones considera que \u201cla presidenta del PP, es muy osada al solicitar de manera repetitiva a Miguel \u00c1ngel Revilla que hable con nosotros, los y las socialistas para tener nuestro apoyo y sacar adelante unas cuentas que \u00fanicamente cuentan con el apoyo de su socio en la derecha, Ciudadanos\u201d.<\/p>\n<p>Por eso, le aconseja que \u201cse apoye en la formaci\u00f3n naranja y busque aliados en otros grupos pol\u00edticos para poner en marcha unos presupuestos que no favorecen a nadie y que los y las socialistas rechazamos\u201d. Unos presupuestos dice que, \u201cCiudadanos comete el error de apoyar de manera incondicional, porque lo \u00fanico que demuestra en sus discursos son contradicciones y tener muy poco claro si esas cuentas son buenas o no para esta Comunidad\u201d.<\/p>\n<p>\u201cSe\u00f1ores del PP, dejen de pedir a los y las socialistas que apoyemos los Presupuestos Generales del Estado y asimilen de una vez, que estos presupuestos son una equivocaci\u00f3n, y que de ninguna de las maneras, son los mejores para los c\u00e1ntabros y las c\u00e1ntabras\u201d, declara.<\/p>\n<p>Asimismo, cree que \u201cel \u00fanico culpable de la soledad del PP, son ellos mismos, que despu\u00e9s de dos legislaturas al frente del Gobierno de Espa\u00f1a, contin\u00faan llevando a cabo una p\u00e9sima gesti\u00f3n de sus pol\u00edticas\u201d.<\/p>\n<p>La dirigente socialista, asegura que \u201cla se\u00f1ora S\u00e1enz de Buruaga tiene una llave, y es la de pedirle al se\u00f1or Mariano Rajoy que incluya en los presupuestos todas las deudas que tiene su Gobierno con Cantabria\u201d. Deudas dice que, \u201cno pararemos de reclamar hasta que el Estado las pague, como la financiaci\u00f3n para el hospital Valdecilla, los gastos de la LOMCE, la Ley de Dependencia o la Fundaci\u00f3n Comillas, solo cuando empecemos a recibir ese dinero, comenzaremos a estar un poco m\u00e1s satisfechos\u201d.<\/p>\n<p><strong>Pacto contra la Violencia de G\u00e9nero<\/strong><\/p>\n<p>Por \u00faltimo, Ainoa Qui\u00f1ones, asegura que la presidenta del PP de Cantabria \u201cmiente\u201d cuando dice que el PP cumple con su compromiso con el Pacto de Estado contra la Violencia de G\u00e9nero porque manifiesta que \u201cMariano Rajoy fue el que se comprometi\u00f3 a destinar 120 millones de euros a las comunidades aut\u00f3nomas y a los ayuntamientos para poner en marcha las medidas de ese pacto\u201d.<\/p>\n<p>\u201cLos y las socialistas no jugamos ni ninguneamos a nadie, los \u00fanicos que faltan a sus compromisos y no cumplen sus promesas, en temas tan sumamente delicados como es la violencia machista, son ustedes los populares\u201d, finaliza. <\/p>\n","protected":false},"excerpt":{"rendered":"<p>La secretaria de Econom\u00eda y Comunicaci\u00f3n, Ainoa Qui\u00f1ones asegura que la presidenta del PP, Mar\u00eda Jos\u00e9 S\u00e1ez de Buruaga \u201cse equivoca rotundamente y falta al respeto una vez m\u00e1s a los c\u00e1ntabros y a las c\u00e1ntabras, al resaltar lo magn\u00edficos que son, a su entender, los Presupuestos Generales del Estado (PGE) para Cantabria\u201d. Para Qui\u00f1ones, [&hellip;]<\/p>\n","protected":false},"author":2,"featured_media":1185,"comment_status":"open","ping_status":"open","sticky":false,"template":"","format":"standard","meta":{"tdm_status":"","tdm_grid_status":"","footnotes":""},"categories":[24],"tags":[],"class_list":["post-1546","post","type-post","status-publish","format-standard","has-post-thumbnail","hentry","category-partido"],"_links":{"self":[{"href":"https:\/\/www.psc-psoe.es\/index.php\/wp-json\/wp\/v2\/posts\/1546","targetHints":{"allow":["GET"]}}],"collection":[{"href":"https:\/\/www.psc-psoe.es\/index.php\/wp-json\/wp\/v2\/posts"}],"about":[{"href":"https:\/\/www.psc-psoe.es\/index.php\/wp-json\/wp\/v2\/types\/post"}],"author":[{"embeddable":true,"href":"https:\/\/www.psc-psoe.es\/index.php\/wp-json\/wp\/v2\/users\/2"}],"replies":[{"embeddable":true,"href":"https:\/\/www.psc-psoe.es\/index.php\/wp-json\/wp\/v2\/comments?post=1546"}],"version-history":[{"count":0,"href":"https:\/\/www.psc-psoe.es\/index.php\/wp-json\/wp\/v2\/posts\/1546\/revisions"}],"wp:featuredmedia":[{"embeddable":true,"href":"https:\/\/www.psc-psoe.es\/index.php\/wp-json\/wp\/v2\/media\/1185"}],"wp:attachment":[{"href":"https:\/\/www.psc-psoe.es\/index.php\/wp-json\/wp\/v2\/media?parent=1546"}],"wp:term":[{"taxonomy":"category","embeddable":true,"href":"https:\/\/www.psc-psoe.es\/index.php\/wp-json\/wp\/v2\/categories?post=1546"},{"taxonomy":"post_tag","embeddable":true,"href":"https:\/\/www.psc-psoe.es\/index.php\/wp-json\/wp\/v2\/tags?post=1546"}],"curies":[{"name":"wp","href":"https:\/\/api.w.org\/{rel}","templated":true}]}}