{"id":1493,"date":"2018-03-28T18:11:28","date_gmt":"2018-03-28T17:11:28","guid":{"rendered":"http:\/\/psc-psoe.es\/?p=1493"},"modified":"2019-01-03T18:12:22","modified_gmt":"2019-01-03T17:12:22","slug":"el-psoe-reclama-a-rajoy-la-financiacion-comprometida-del-hospital-de-vadecilla","status":"publish","type":"post","link":"https:\/\/www.psc-psoe.es\/index.php\/2018\/03\/28\/el-psoe-reclama-a-rajoy-la-financiacion-comprometida-del-hospital-de-vadecilla\/","title":{"rendered":"El PSOE reclama a Rajoy la financiaci\u00f3n comprometida del hospital de Vadecilla"},"content":{"rendered":"<p>El secretario general del PSOE de Cantabria, Pablo Zuloaga, reclama al Gobierno de Mariano Rajoy \u201cque cumpla con sus compromisos con Cantabria y conceda la financiaci\u00f3n comprometida para pagar las obras del hospital del Valdecilla\u201d.<\/p>\n<p>Zuloaga, se refiere de esta manera a que seg\u00fan ha anunciado el PP de Cantabria, el Ejecutivo central habr\u00eda incluido en los Presupuestos Generales del Estado para el 2018, una partida de \u201ctan solo\u201d 22 millones de euros para hacer frente a los pagos de las obras del Hospital Universitario Marqu\u00e9s de Valdecilla.<\/p>\n<p>El l\u00edder de los socialistas c\u00e1ntabros, asegura que \u201ca la espera de conocer datos oficiales, Rajoy le deber\u00eda a Cantabria un total de 66 millones de euros para la financiaci\u00f3n del hospital de Valdecilla\u201d y a\u00f1ade que \u201ca los 22 millones de euros para el 2018, se tendr\u00edan que sumar los 44 millones de euros que el Gobierno adeuda correspondientes a los ejercicios 2016 y 2017\u201d.<\/p>\n<p>A su juicio, \u201cRajoy y el PP de Cantabria est\u00e1n tomando el pelo a los c\u00e1ntabros y a las c\u00e1ntabras de forma descarada, incumpliendo con su palabra y jugando al despiste\u201d. Una estrategia que demuestra \u201cmuy poca sensibilidad con una Comunidad a la que el Ejecutivo de Rajoy tiene castigada\u201d.<\/p>\n<p>\u201cA los y las socialistas nos parece vergonzoso como la se\u00f1ora Mar\u00eda Jos\u00e9 S\u00e1enz de Buruaga, quiere poner calma al maremoto interno que vive su partido, a costa de anotarse tantos a su favor que no le corresponden porque no han conseguido ni demostrado absolutamente nada\u201d, critica.<br \/>\nAdem\u00e1s, apunta que \u201cen ejercicios anteriores la financiaci\u00f3n para hacer frente a las obras del hospital tambi\u00e9n hab\u00edan sido incluida en las cuentas del Estado sin embargo, esta Comunidad nunca ha recibido esas partidas\u201d.<\/p>\n<p>El dirigente socialista afirma que \u201cadem\u00e1s de la deuda con Valdecilla, el Gobierno de Rajoy le debe a Cantabria la financiaci\u00f3n para hacer frente a los gastos que conlleva la implantaci\u00f3n de la Ley Org\u00e1nica de Mejora de la Calidad Educativa (LOMCE), el convenio de la Fundaci\u00f3n Comillas y la Ley de Dependencia\u201d. Deudas, recuerda que \u201cel Ejecutivo c\u00e1ntabro no tiene porqu\u00e9 asumir y asume y que debilitan las arcas p\u00fablicas de nuestra regi\u00f3n\u201d.<\/p>\n<p>La nueva alianza PP y Ciudadanos<br \/>\nPor otro lado, Zuloaga, califica de \u201cpoco sorprendente y esperada la nueva alianza formada por el PP y Ciudadanos\u201d para aprobar los Presupuestos Generales del Estado para el 2018. Unos presupuestos, que dice \u201cse han negociado a escondidas del resto de partidos\u201d.<br \/>\nPara el l\u00edder socialista, \u201cCiudadanos est\u00e1 a la sombra del PP para actuar si a la formaci\u00f3n naranja le interesa o cuando Rajoy les necesita, una jugada que se repite constantemente\u201d.<\/p>\n<p>En este sentido, asegura que \u201cla derecha de este pa\u00eds, se vuelve a unir para sacar adelante unos presupuestos que llegan tarde, mal, benefician a pocos y perjudican a la clase media\u201d y que considera, &#8220;consolidan la desigualdad y los recortes en gasto social, que no contribuyen a redistribuir la riqueza ni tampoco a solucionar el problema de la pensiones\u201d.<\/p>\n<p>Por \u00faltimo, Pablo Zuloaga asegura que \u201cel Presupuesto del PP para este a\u00f1o, vuelven a dar la espalda a Cantabria, vuelven a hacer o\u00eddos sordos a las reclamaciones de los c\u00e1ntabros y las c\u00e1ntabras y vuelve a relegar a un \u00faltimo plano las necesidades de nuestra Comunidad\u201d. <\/p>\n","protected":false},"excerpt":{"rendered":"<p>El secretario general del PSOE de Cantabria, Pablo Zuloaga, reclama al Gobierno de Mariano Rajoy \u201cque cumpla con sus compromisos con Cantabria y conceda la financiaci\u00f3n comprometida para pagar las obras del hospital del Valdecilla\u201d. Zuloaga, se refiere de esta manera a que seg\u00fan ha anunciado el PP de Cantabria, el Ejecutivo central habr\u00eda incluido [&hellip;]<\/p>\n","protected":false},"author":2,"featured_media":1221,"comment_status":"open","ping_status":"open","sticky":false,"template":"","format":"standard","meta":{"tdm_status":"","tdm_grid_status":"","footnotes":""},"categories":[24],"tags":[],"class_list":["post-1493","post","type-post","status-publish","format-standard","has-post-thumbnail","hentry","category-partido"],"_links":{"self":[{"href":"https:\/\/www.psc-psoe.es\/index.php\/wp-json\/wp\/v2\/posts\/1493","targetHints":{"allow":["GET"]}}],"collection":[{"href":"https:\/\/www.psc-psoe.es\/index.php\/wp-json\/wp\/v2\/posts"}],"about":[{"href":"https:\/\/www.psc-psoe.es\/index.php\/wp-json\/wp\/v2\/types\/post"}],"author":[{"embeddable":true,"href":"https:\/\/www.psc-psoe.es\/index.php\/wp-json\/wp\/v2\/users\/2"}],"replies":[{"embeddable":true,"href":"https:\/\/www.psc-psoe.es\/index.php\/wp-json\/wp\/v2\/comments?post=1493"}],"version-history":[{"count":0,"href":"https:\/\/www.psc-psoe.es\/index.php\/wp-json\/wp\/v2\/posts\/1493\/revisions"}],"wp:featuredmedia":[{"embeddable":true,"href":"https:\/\/www.psc-psoe.es\/index.php\/wp-json\/wp\/v2\/media\/1221"}],"wp:attachment":[{"href":"https:\/\/www.psc-psoe.es\/index.php\/wp-json\/wp\/v2\/media?parent=1493"}],"wp:term":[{"taxonomy":"category","embeddable":true,"href":"https:\/\/www.psc-psoe.es\/index.php\/wp-json\/wp\/v2\/categories?post=1493"},{"taxonomy":"post_tag","embeddable":true,"href":"https:\/\/www.psc-psoe.es\/index.php\/wp-json\/wp\/v2\/tags?post=1493"}],"curies":[{"name":"wp","href":"https:\/\/api.w.org\/{rel}","templated":true}]}}