{"id":148,"date":"2018-11-13T11:36:45","date_gmt":"2018-11-13T10:36:45","guid":{"rendered":"http:\/\/td_uid_90_5beab74da83d8"},"modified":"2019-02-19T13:00:24","modified_gmt":"2019-02-19T12:00:24","slug":"springfest-one-fashion-show-at-the-university-of-michigan","status":"publish","type":"post","link":"https:\/\/www.psc-psoe.es\/index.php\/2018\/11\/13\/springfest-one-fashion-show-at-the-university-of-michigan\/","title":{"rendered":"El PSOE recuerda a Gema Igual que el Gobierno quiere que la estabilizaci\u00f3n de las playas en Santander sea \u201csostenible\u201d y \u201cfruto del consenso\u201d"},"content":{"rendered":"<div class=\"td-paragraph-padding-1\">\n<h3><strong>Pedro Casares asegura que, una vez finalizado el informe del CEDEX, el ministerio de Transici\u00f3n Ecol\u00f3gica convocar\u00e1 a las tres administraciones concernidas para valorar y acordar entre todas los pasos siguientes a dar \u201caunque esto no lo haya contado la alcaldesa\u201d.<\/strong><\/h3>\n<p>&nbsp;<\/p>\n<\/div>\n<div class=\"td-paragraph-padding-1\">\n<p><span lang=\"ES\">El secretario general del PSOE y portavoz municipal en el ayuntamiento de Santander, Pedro Casares, asegura que el Gobierno de Espa\u00f1a tomar\u00e1 la decisi\u00f3n que haga sostenible la estabilizaci\u00f3n de las playas en Santander \u201cy que sea fruto del consenso\u201d.<\/span><\/p>\n<p>&nbsp;<\/p>\n<p><span lang=\"ES\">Casares recuerda que la obra de estabilizaci\u00f3n de las playas \u201cya estaba parada\u201d cuando se produjo el cambio de gobierno en nuestro pa\u00eds, \u201cy que por tanto, lo sensato, lo riguroso y lo coherente\u201d ha sido mantener la suspensi\u00f3n indefinida para analizarla en profundidad \u201cy no tomar decisiones improvisadas\u201d.<\/span><\/p>\n<p><span lang=\"ES\">\u00a0<\/span><\/p>\n<p><span lang=\"ES\">Adem\u00e1s, el l\u00edder de los socialistas santanderinos afirma que todas las partes estaban disconformes con el proyecto, como demuestra que el ayuntamiento hab\u00eda hecho alegaciones para pedir que se rebajase la altura del espig\u00f3n construido y pudiera ser peatonal el segundo espig\u00f3n, y el Parlamento \u2013 por unanimidad de todos los grupos excepto el PP &#8211; y el Gobierno de Cantabria la reconsideraci\u00f3n total de la misma.<\/span><\/p>\n<p><span lang=\"ES\">\u00a0<\/span><\/p>\n<p><span lang=\"ES\">Por tanto, el ministerio de Transici\u00f3n Ecol\u00f3gica resolvi\u00f3 solicitar un informe t\u00e9cnico del Centro de Estudios y Experimentaci\u00f3n de Obras P\u00fablica (CEDEX), para evaluar todas las discrepancias.<\/span><\/p>\n<p><span lang=\"ES\">\u00a0<\/span><\/p>\n<p><span lang=\"ES\">Un informe, que como se\u00f1ala el edil, se ha pedido \u201cpara analizar la viabilidad del proyecto, las consecuencias y cu\u00e1les pueden ser las soluciones para el futuro\u201d, a la vez que afirma que no solo lo ha hecho por la petici\u00f3n del Parlamento de Cantabria sino tambi\u00e9n por las propias alegaciones del ayuntamiento, las protestas sociales, la unanimidad de todos los partidos pol\u00edticos de Santander a excepci\u00f3n del PP.<\/span><\/p>\n<p><span lang=\"ES\">\u00a0<\/span><\/p>\n<p><span lang=\"ES\">\u201cParece razonable que el Gobierno escuche a todos esos agentes y haya continuado con la paralizaci\u00f3n de las obras, haya solicitado ese informe y algo que no cont\u00f3 ayer la alcaldesa, que cuando se tenga el informe en el plazo m\u00e1s o menos de un mes se convocar\u00e1 al Gobierno de Espa\u00f1a, al Gobierno de Cantabria y al Ayuntamiento de Santander para que con ese estudio t\u00e9cnico encima de la mesa se tome la decisi\u00f3n mejor\u201d ha explicado.<\/span><\/p>\n<p><span lang=\"ES\">\u00a0<\/span><\/p>\n<p><span lang=\"ES\">Una decisi\u00f3n que, a juicio de Casares, debe combinar el respeto al medio ambiente y la conservaci\u00f3n de las playas. \u201cEl Secretario de Estado no ha dicho a la alcaldesa nada nuevo estos d\u00edas, ha dicho lo l\u00f3gico, que es lo que hace un Gobierno responsable, ante la duda mantener la paralizaci\u00f3n de un proyecto y estudiarlo t\u00e9cnicamente\u201d se\u00f1ala.<\/span><\/p>\n<p><span lang=\"ES\">\u00a0<\/span><\/p>\n<p>&nbsp;<\/p>\n<p><span lang=\"ES\">Por \u00faltimo, Pedro Casares ha reiterado el agradecimiento al Gobierno de Espa\u00f1a por la sensibilidad, el compromiso y el rigor con el que est\u00e1n tratando este asunto en el ministerio de Transici\u00f3n Ecol\u00f3gica.<\/span><\/p>\n<p><span lang=\"ES\">\u00a0<\/span><\/p>\n<p><span lang=\"ES\">\u201cUn Gobierno que responde, escucha y atiende las peticiones de un ayuntamiento como el Santander\u201d, para lo que el edil pide a la alcaldesa \u201cresponsabilidad y lealtad institucional\u201d porque \u201cquien ostenta la Alcald\u00eda de Santander tiene que saber que lo hace en nombre de todos los santanderinos y trabajar para ellos con lealtad a las instituciones\u201d.<\/span><\/p>\n<\/div>\n<div class=\"td-paragraph-padding-1\">\n<p>&nbsp;<\/p>\n<\/div>\n<p>&nbsp; <\/p>\n","protected":false},"excerpt":{"rendered":"<p>Pedro Casares asegura que, una vez finalizado el informe del CEDEX, el ministerio de Transici\u00f3n Ecol\u00f3gica convocar\u00e1 a las tres administraciones concernidas para valorar y acordar entre todas los pasos siguientes a dar \u201caunque esto no lo haya contado la alcaldesa\u201d. &nbsp; El secretario general del PSOE y portavoz municipal en el ayuntamiento de Santander, [&hellip;]<\/p>\n","protected":false},"author":1,"featured_media":202,"comment_status":"open","ping_status":"open","sticky":false,"template":"","format":"standard","meta":{"tdm_status":"","tdm_grid_status":"","footnotes":""},"categories":[20,16,6],"tags":[30],"class_list":["post-148","post","type-post","status-publish","format-standard","has-post-thumbnail","hentry","category-santander","category-noticias-santander","category-agrupaciones","tag-santander"],"_links":{"self":[{"href":"https:\/\/www.psc-psoe.es\/index.php\/wp-json\/wp\/v2\/posts\/148","targetHints":{"allow":["GET"]}}],"collection":[{"href":"https:\/\/www.psc-psoe.es\/index.php\/wp-json\/wp\/v2\/posts"}],"about":[{"href":"https:\/\/www.psc-psoe.es\/index.php\/wp-json\/wp\/v2\/types\/post"}],"author":[{"embeddable":true,"href":"https:\/\/www.psc-psoe.es\/index.php\/wp-json\/wp\/v2\/users\/1"}],"replies":[{"embeddable":true,"href":"https:\/\/www.psc-psoe.es\/index.php\/wp-json\/wp\/v2\/comments?post=148"}],"version-history":[{"count":0,"href":"https:\/\/www.psc-psoe.es\/index.php\/wp-json\/wp\/v2\/posts\/148\/revisions"}],"wp:featuredmedia":[{"embeddable":true,"href":"https:\/\/www.psc-psoe.es\/index.php\/wp-json\/wp\/v2\/media\/202"}],"wp:attachment":[{"href":"https:\/\/www.psc-psoe.es\/index.php\/wp-json\/wp\/v2\/media?parent=148"}],"wp:term":[{"taxonomy":"category","embeddable":true,"href":"https:\/\/www.psc-psoe.es\/index.php\/wp-json\/wp\/v2\/categories?post=148"},{"taxonomy":"post_tag","embeddable":true,"href":"https:\/\/www.psc-psoe.es\/index.php\/wp-json\/wp\/v2\/tags?post=148"}],"curies":[{"name":"wp","href":"https:\/\/api.w.org\/{rel}","templated":true}]}}