{"id":1479,"date":"2018-03-24T18:00:30","date_gmt":"2018-03-24T17:00:30","guid":{"rendered":"http:\/\/psc-psoe.es\/?p=1479"},"modified":"2019-02-19T13:18:56","modified_gmt":"2019-02-19T12:18:56","slug":"el-psoe-presenta-100-agentes-vecinales-en-permanente-escucha-de-las-necesidades-de-santander","status":"publish","type":"post","link":"https:\/\/www.psc-psoe.es\/index.php\/2018\/03\/24\/el-psoe-presenta-100-agentes-vecinales-en-permanente-escucha-de-las-necesidades-de-santander\/","title":{"rendered":"El PSOE presenta 100 agentes vecinales en permanente escucha de las necesidades de Santander"},"content":{"rendered":"<p>Los portavoces del PSOE, Pedro Casares; PRC, Jos\u00e9 Mar\u00eda Fuentes-Pila; Izquierda Unida, Miguel Saro y los concejales no adscritos Antonio Mantec\u00f3n y Cora Vielva en el Ayuntamiento de Santander<b> <\/b><span lang=\"ES\">presentan una moci\u00f3n conjunta para pedir la remodelaci\u00f3n integral de la calle Magallanes.\u00a0\u00a0\u00a0\u00a0\u00a0\u00a0\u00a0\u00a0<\/span><\/p>\n<p><span lang=\"ES\">En la moci\u00f3n, que se debatir\u00e1 en el pr\u00f3ximo Pleno del Ayuntamiento, el pr\u00f3ximo jueves 29 de marzo, quieren que se lleve a cabo <\/span>un proceso de participaci\u00f3n ciudadana real con los propios vecinos \u201cpara conocer las necesidades\u201d que tiene la calle Magallanes.<\/p>\n<p><span lang=\"ES\">Casares, Fuentes-Pila, Saro, Mantec\u00f3n y Vielva comparten que la situaci\u00f3n de la calle Magallanes \u201ces ejemplo de la mala gesti\u00f3n del PP\u201d<\/span> y sufre un estado de degradaci\u00f3n evidente, \u201cfruto de la ausencia de inversi\u00f3n en ella durante a\u00f1os\u201d.<\/p>\n<p class=\"m_6001442528180275402gmail-m-2768253029671462617s12\">De esta forma, la oposici\u00f3n recoge el malestar de los vecinos, que han recogido m\u00e1s de 600 firmas \u201cen solo 10 d\u00edas\u201d en las que denuncian <span lang=\"ES\">el estado de abandono, de suciedad, de falta de limpieza y de luz, de falta de inversi\u00f3n en red de abastecimiento de agua y alcantarillado y el mal estado de las aceras<\/span>.<\/p>\n<p class=\"m_6001442528180275402gmail-m-2768253029671462617s12\"><span lang=\"ES\">En este sentido, el secretario general y portavoz municipal del PSOE en el Ayuntamiento, Pedro Casares, afirma que \u201cestamos unas semanas despu\u00e9s registrando una moci\u00f3n y cumpliendo el compromiso que adquirimos con la calle Magallanes\u201d.<\/span><\/p>\n<p><span lang=\"ES\">\u00a0<\/span><span lang=\"ES\">\u201cHan tenido que pasar a\u00f1os de reivindicaciones vecinales para que este tema vea la luz, este en el debate pol\u00edtico y se empiecen a adquirir compromisos con los vecinos de esta calle, a muy pocos metros del ayuntamiento\u201d.<\/span><\/p>\n<p><span lang=\"ES\">\u00a0<\/span><span lang=\"ES\">Para el l\u00edder de los socialistas santanderinos, la calle Magallanes est\u00e1 \u201cmuy deteriorada y abandonada, con aceras en un estado lamentable, filtraciones de agua y una mala red de abastecimiento y alcantarillado\u201d. Por ello, como ha explicado Casares, los vecinos \u201chartos de la dejadez del equipo de gobierno\u201d empezaron a recoger firmas \u201cpara pedir que escuchen sus reivindicaciones de una vez\u201d.<\/span><\/p>\n<p><span lang=\"ES\">\u00a0<\/span><span lang=\"ES\">Por \u00faltimo, Pedro Casares reitera que el PSOE quiere \u201cponer voz a los problemas de los vecinos de Santander\u201d. \u201cEsta es una moci\u00f3n vecinal, lo \u00fanico que hacemos es poner firma y voz para que los problemas de Magallanes se escuchen en el Pleno\u201d concluye, reiterando que espera que \u201ctodos los concejales\u201d voten a favor de la iniciativa.<\/span> <\/p>\n","protected":false},"excerpt":{"rendered":"<p>Los portavoces del PSOE, Pedro Casares; PRC, Jos\u00e9 Mar\u00eda Fuentes-Pila; Izquierda Unida, Miguel Saro y los concejales no adscritos Antonio Mantec\u00f3n y Cora Vielva en el Ayuntamiento de Santander presentan una moci\u00f3n conjunta para pedir la remodelaci\u00f3n integral de la calle Magallanes.\u00a0\u00a0\u00a0\u00a0\u00a0\u00a0\u00a0\u00a0 En la moci\u00f3n, que se debatir\u00e1 en el pr\u00f3ximo Pleno del Ayuntamiento, el [&hellip;]<\/p>\n","protected":false},"author":2,"featured_media":1480,"comment_status":"open","ping_status":"open","sticky":false,"template":"","format":"standard","meta":{"tdm_status":"","tdm_grid_status":"","footnotes":""},"categories":[20,16],"tags":[],"class_list":["post-1479","post","type-post","status-publish","format-standard","has-post-thumbnail","hentry","category-santander","category-noticias-santander"],"_links":{"self":[{"href":"https:\/\/www.psc-psoe.es\/index.php\/wp-json\/wp\/v2\/posts\/1479","targetHints":{"allow":["GET"]}}],"collection":[{"href":"https:\/\/www.psc-psoe.es\/index.php\/wp-json\/wp\/v2\/posts"}],"about":[{"href":"https:\/\/www.psc-psoe.es\/index.php\/wp-json\/wp\/v2\/types\/post"}],"author":[{"embeddable":true,"href":"https:\/\/www.psc-psoe.es\/index.php\/wp-json\/wp\/v2\/users\/2"}],"replies":[{"embeddable":true,"href":"https:\/\/www.psc-psoe.es\/index.php\/wp-json\/wp\/v2\/comments?post=1479"}],"version-history":[{"count":0,"href":"https:\/\/www.psc-psoe.es\/index.php\/wp-json\/wp\/v2\/posts\/1479\/revisions"}],"wp:featuredmedia":[{"embeddable":true,"href":"https:\/\/www.psc-psoe.es\/index.php\/wp-json\/wp\/v2\/media\/1480"}],"wp:attachment":[{"href":"https:\/\/www.psc-psoe.es\/index.php\/wp-json\/wp\/v2\/media?parent=1479"}],"wp:term":[{"taxonomy":"category","embeddable":true,"href":"https:\/\/www.psc-psoe.es\/index.php\/wp-json\/wp\/v2\/categories?post=1479"},{"taxonomy":"post_tag","embeddable":true,"href":"https:\/\/www.psc-psoe.es\/index.php\/wp-json\/wp\/v2\/tags?post=1479"}],"curies":[{"name":"wp","href":"https:\/\/api.w.org\/{rel}","templated":true}]}}