{"id":1473,"date":"2018-03-23T13:54:12","date_gmt":"2018-03-23T12:54:12","guid":{"rendered":"http:\/\/psc-psoe.es\/?p=1473"},"modified":"2019-02-19T13:19:27","modified_gmt":"2019-02-19T12:19:27","slug":"el-psoe-de-astillero-culpa-de-la-ruptura-del-pacto-de-gobierno-al-alcalde-del-prc-francisco-ortiz","status":"publish","type":"post","link":"https:\/\/www.psc-psoe.es\/index.php\/2018\/03\/23\/el-psoe-de-astillero-culpa-de-la-ruptura-del-pacto-de-gobierno-al-alcalde-del-prc-francisco-ortiz\/","title":{"rendered":"El PSOE de Astillero culpa de la ruptura del pacto de Gobierno al alcalde del PRC, Francisco Ort\u00edz"},"content":{"rendered":"<p><span class=\"Apple-style-span\">El PSOE de Astillero\u00a0atribuye la ruptura por parte del PRC del pacto de Gobierno con el PSOE en este municipio\u00a0a una &#8220;pataleta&#8221; o a una &#8220;venganza&#8221; del alcalde, el regionalista Francisco Ortiz, al que tildan de &#8220;dictatorial&#8221; y le culpan de las &#8220;desavenencias&#8221; surgidas entre ambos partidos. Adem\u00e1s, ven &#8220;muy dif\u00edcil&#8221; que el PRC pueda gobernar solo y no descartan, a futuro, la posibilidad de la moci\u00f3n de censura.<\/span><\/p>\n<p><span class=\"Apple-style-span\">As\u00ed se han pronunciado, un d\u00eda despu\u00e9s de que Ortiz anunciara que el grupo regionalista romp\u00eda el pacto de gobierno que manten\u00eda con los socialistas desde el comienzo de la presente legislatura, cesando a los cuatro concejales del PSOE y qued\u00e1ndose solo los cinco regionalistas.<\/span><\/p>\n<p><span class=\"Apple-style-span\">Concretamente han comparecido ante los medios de comunicaci\u00f3n el presidente del PSOE de Cantabria, Eduardo Echevarr\u00eda; la secretaria general del partido en Astillero y concejal, Mar\u00eda \u00c1ngeles Eguiguiren; el portavoz del grupo socialista en el Ayuntamiento, Salom\u00f3n Mart\u00edn, y el concejal Jes\u00fas Rivas.<\/span><\/p>\n<p><span class=\"Apple-style-span\">En contra de lo dicho por Ortiz &#8211;que acus\u00f3 a los socialistas de haber sido ellos quienes rompieron el pacto de Gobierno la semana pasada, cuando en la sesi\u00f3n plenaria votaron, junto al PP, a favor de que la Junta de Gobierno local devolviera al Pleno competencias en servicios y obras&#8211; han asegurado que la ruptura del pacto ha sido una decisi\u00f3n &#8220;unilateral&#8221; del PRC.<\/span><\/p>\n<p><span class=\"Apple-style-span\">De hecho, los concejales socialistas explican\u00a0que conocieron la ruptura del pacto a trav\u00e9s de una comunicaci\u00f3n por parte de un funcionario del Ayuntamiento en sus respectivos trabajos.<\/span><\/p>\n<p><strong><span class=\"Apple-style-span\">Las &#8220;discrepancias&#8221;, &#8220;casi desde el principio&#8221;\u00a0<\/span><\/strong><\/p>\n<p><span class=\"Apple-style-span\">Los socialistas han explicado que &#8220;casi desde el principio&#8221; del pacto de Gobierno han surgido &#8220;discrepancias&#8221; entre los dos socios pero han asegurado que han venido provocadas &#8220;exclusivamente&#8221; por la actitud de Ortiz y han &#8220;desligado totalmente&#8221; al PRC de Astillero de lo ocurrido.<\/span><\/p>\n<p><span class=\"Apple-style-span\">&#8220;Su actitud prepotente, dictatorial y carente de todo talante democr\u00e1tico; su negativa a reunirse con el equipo de Gobierno para tratar los asuntos municipales; sus decisiones unilaterales sin tener en cuneta la opini\u00f3n del PSOE, su desconfianza en las iniciativas que presentan los socialistas han sido el detonante de las discrepancias&#8221;, ha resumido Eguiguren.<\/span><\/p>\n<p><span class=\"Apple-style-span\">Han asegurado que, pese a ello y por &#8220;sentido de responsabilidad&#8221;, los socialistas han intentado llevar &#8220;el pacto adelante&#8221;, lo ha &#8211;han dicho&#8211; ha resultado &#8220;extremadamente dif\u00edcil&#8221; por las &#8220;continuas imposiciones y falta de di\u00e1logo&#8221; de Ortiz.<\/span><\/p>\n<p><span class=\"Apple-style-span\">Despu\u00e9s de que Ortiz acusara a los socialistas de &#8220;deslealtad&#8221; al pacto de Gobierno, \u00e9stos le han recordado al regidor que ellos &#8220;se deben a los ciudadanos&#8221; y han defendido que &#8220;el pacto es tan solo un instrumento para garantizar la gobernabilidad, pero en ning\u00fan caso es un cheque en blanco para perpetuar a una alcalde d\u00e9spota y autoritario&#8221;.<\/span><\/p>\n<p><span class=\"Apple-style-span\">Han relatado que el alcalde regionalista impon\u00eda su voluntad, usando incluso para ello cuando era preciso su voto de calidad en las Juntas de Gobierno en aquellos asuntos en los que estaban en desacuerdo. Adem\u00e1s, han asegurado que en esos casos en los que los socialistas discrepaban \u00e9ste les &#8220;amenazaba&#8221; con &#8220;consecuencias&#8221;.<\/span><\/p>\n<p><span class=\"Apple-style-span\">Aunque han reconocido haber mantenido &#8220;posiciones diferentes&#8221; en diversos asuntos, los socialistas han explicado que la de &#8220;m\u00e1s trascendencia&#8221; ha tenido que ver con el proyecto de semipeatonalizaci\u00f3n de la calle D\u00edaz Pimienta, que para el PSOE, seg\u00fan han se\u00f1alado, no era una prioridad.<\/span><\/p>\n<p><span class=\"Apple-style-span\">&#8220;El pacto lo entiende en un \u00fanico sentido. Se fundamenta en que el PSOE se acople a la voluntad del PRC. Un pacto es rec\u00edproco&#8221;, le han recordado a Ortiz, al que han acusado de actuar con &#8220;prepotencia&#8221;, &#8220;arrogancia&#8221; y de &#8220;obviarles todo y m\u00e1s&#8221; a los socialistas.<\/span><\/p>\n<p><span class=\"Apple-style-span\">Han asegurado que en varias ocasiones intentaron hacer ver a Ortiz que el PSOE era &#8220;el socio de gobierno&#8221; y que los concejales socialistas en el equipo de Gobierno no estaban de &#8220;machacas&#8221; para que, posteriormente, \u00e9l &#8220;se colgara medalla&#8221; y se hiciera &#8220;la foto&#8221;.<\/span><\/p>\n<p><span class=\"Apple-style-span\">Tambi\u00e9n han desmentido el haber emprendido una campa\u00f1a de descr\u00e9dito contra el alcalde regionalista y contra el PRC como ha afirmado Ortiz. De hecho, creen que es el propio regidor, con sus &#8220;actitudes&#8221;, el que se est\u00e1 haci\u00e9ndose a s\u00ed mismo esta campa\u00f1a. &#8220;No ha necesitad de nuestra ayuda, \u00e9l solo se ha valido para la campa\u00f1a de descr\u00e9dito&#8221;, han aseverado.<\/span><\/p>\n<p><strong><span class=\"Apple-style-span\">El futuro<\/span><\/strong><\/p>\n<p><span class=\"Apple-style-span\">Los socialistas tambi\u00e9n se han referido, a preguntas de los medios de comunicaci\u00f3n, al futuro del grupo municipal del PSOE y tambi\u00e9n del equipo de Gobierno formado ahora por los cinco concejales del PRC.<\/span><\/p>\n<p><span class=\"Apple-style-span\">En primer lugar han desmentido tener cualquier alianza con otras fuerzas pol\u00edticas del Ayuntamiento, como, a su juicio, pretende hacer ver el alcalde, y han asegurado que &#8220;a fecha de hoy&#8221; no han hablado con &#8220;ninguna&#8221;.<\/span><\/p>\n<p><span class=\"Apple-style-span\">&#8220;De momento no lo tenemos contemplado&#8221;, han dicho los socialistas al ser cuestionados por esta posibilidad y, preguntados concretamente por la posibilidad de un pacto con el PP, han se\u00f1alado que est\u00e1 &#8220;un poco complicado&#8221; y ha recordado que el PSOE est\u00e1 personado, como acusaci\u00f3n, en una causa judicial contra el portavoz del PP en el Ayuntamiento y exalcalde, Carlos Cortina, por supuesta prevaricaci\u00f3n.<\/span><\/p>\n<p><span class=\"Apple-style-span\">Tambi\u00e9n han se\u00f1alado, a preguntas de la prensa que &#8220;a d\u00eda de hoy no existe ninguna posibilidad&#8221; de presentar una moci\u00f3n de censura, aunque no han descartado nada a futuro. As\u00ed, han se\u00f1alado que en la Corporaci\u00f3n &#8220;hay unas fuerzas pol\u00edticas con una aritm\u00e9tica que da lugar a cualquier posibilidad&#8221;.<\/span><\/p>\n<p><span class=\"Apple-style-span\">Han explicado que en este momento se abre en el PSOE un &#8220;periodo de reflexi\u00f3n&#8221; para ver qu\u00e9 opciones existen pero han asegurado que sus decisiones van a estar &#8220;por encima de todo el inter\u00e9s de los ciudadanos&#8221;.<\/span><\/p>\n<p><span class=\"Apple-style-span\">Cuestionado sobre las posibilidades de que el PRC logre gobernar en solitario el municipio, alcanzando acuerdos en los diferentes asuntos con el resto de fuerzas, han opinado que es &#8220;muy dif\u00edcil&#8221;, no solo porque solo son cinco concejales para gestionar todas las \u00e1reas sino por la actitud del propio alcalde.<\/span><\/p>\n<p><span class=\"Apple-style-span\">Y es que los socialistas &#8220;no le ven ahora mismo negociando con nadie&#8221; cuando &#8211;dicen &#8212; ha sido &#8220;incapaz&#8221; de hacerlo con el que era su socio de gobierno. Sin embargo, creen que Ortiz &#8220;habr\u00e1 hechos sus n\u00fameros y sus c\u00e1balas&#8221; antes de romper el pacto.<\/span> <\/p>\n","protected":false},"excerpt":{"rendered":"<p>El PSOE de Astillero\u00a0atribuye la ruptura por parte del PRC del pacto de Gobierno con el PSOE en este municipio\u00a0a una &#8220;pataleta&#8221; o a una &#8220;venganza&#8221; del alcalde, el regionalista Francisco Ortiz, al que tildan de &#8220;dictatorial&#8221; y le culpan de las &#8220;desavenencias&#8221; surgidas entre ambos partidos. Adem\u00e1s, ven &#8220;muy dif\u00edcil&#8221; que el PRC pueda [&hellip;]<\/p>\n","protected":false},"author":2,"featured_media":1474,"comment_status":"open","ping_status":"open","sticky":false,"template":"","format":"standard","meta":{"tdm_status":"","tdm_grid_status":"","footnotes":""},"categories":[20,16,6],"tags":[],"class_list":["post-1473","post","type-post","status-publish","format-standard","has-post-thumbnail","hentry","category-santander","category-noticias-santander","category-agrupaciones"],"_links":{"self":[{"href":"https:\/\/www.psc-psoe.es\/index.php\/wp-json\/wp\/v2\/posts\/1473","targetHints":{"allow":["GET"]}}],"collection":[{"href":"https:\/\/www.psc-psoe.es\/index.php\/wp-json\/wp\/v2\/posts"}],"about":[{"href":"https:\/\/www.psc-psoe.es\/index.php\/wp-json\/wp\/v2\/types\/post"}],"author":[{"embeddable":true,"href":"https:\/\/www.psc-psoe.es\/index.php\/wp-json\/wp\/v2\/users\/2"}],"replies":[{"embeddable":true,"href":"https:\/\/www.psc-psoe.es\/index.php\/wp-json\/wp\/v2\/comments?post=1473"}],"version-history":[{"count":0,"href":"https:\/\/www.psc-psoe.es\/index.php\/wp-json\/wp\/v2\/posts\/1473\/revisions"}],"wp:featuredmedia":[{"embeddable":true,"href":"https:\/\/www.psc-psoe.es\/index.php\/wp-json\/wp\/v2\/media\/1474"}],"wp:attachment":[{"href":"https:\/\/www.psc-psoe.es\/index.php\/wp-json\/wp\/v2\/media?parent=1473"}],"wp:term":[{"taxonomy":"category","embeddable":true,"href":"https:\/\/www.psc-psoe.es\/index.php\/wp-json\/wp\/v2\/categories?post=1473"},{"taxonomy":"post_tag","embeddable":true,"href":"https:\/\/www.psc-psoe.es\/index.php\/wp-json\/wp\/v2\/tags?post=1473"}],"curies":[{"name":"wp","href":"https:\/\/api.w.org\/{rel}","templated":true}]}}