{"id":1462,"date":"2018-03-22T15:47:22","date_gmt":"2018-03-22T14:47:22","guid":{"rendered":"http:\/\/psc-psoe.es\/?p=1462"},"modified":"2019-02-19T13:19:20","modified_gmt":"2019-02-19T12:19:20","slug":"el-psoe-solicita-que-los-taxis-interurbanos-pueden-circular-por-el-carril-del-metro-tus","status":"publish","type":"post","link":"https:\/\/www.psc-psoe.es\/index.php\/2018\/03\/22\/el-psoe-solicita-que-los-taxis-interurbanos-pueden-circular-por-el-carril-del-metro-tus\/","title":{"rendered":"El PSOE solicita que los taxis interurbanos pueden circular por el carril del metro-TUS"},"content":{"rendered":"<p>El secretario general y portavoz municipal del PSOE, Pedro Casares, ha pedido hoy a la Alcaldesa de Santander, Gema Igual, que atienda las peticiones de los taxis interurbanos, \u201cy les reciba, tal y como han solicitado ellos mismos \u201cpara explicarle su situaci\u00f3n tras la implantaci\u00f3n del metro-TUS\u201d.<\/p>\n<p>Casares se ha reunido con representantes de los taxistas de los municipios del Arco de la Bah\u00eda, que reclaman poder circular y parar en el carril del metro-TUS \u201cen igualdad de condiciones que el resto de taxis\u201d, tras solicitarle una reuni\u00f3n a la par que la solicitada al equipo de gobierno.<\/p>\n<p>Para el l\u00edder socialista, que realizar\u00e1 esta petici\u00f3n en la pr\u00f3xima reuni\u00f3n de la comisi\u00f3n de Desarrollo Sostenible \u201csi la Alcaldesa no la asume antes\u201d, es \u201cl\u00f3gico\u201d que los taxis de otros municipios, \u201csobre todo los del \u00e1rea metropolitana\u201d puedan circular en las mismas condiciones que los taxis urbanos por el carril del metro-TUS.<\/p>\n<p>\u201cEsta propuesta afecta principalmente a los taxis de El Astillero, Camargo, Pi\u00e9lagos y Santa Cruz de Bezana, que son quienes con m\u00e1s frecuencia realizan desplazamientos de pasajeros desde dichos municipios a Santander\u201d subraya el edil.<\/p>\n<p><strong>Misma autorizaci\u00f3n en el aeropuerto de Santander<\/strong><\/p>\n<p>A la vez, el portavoz del PSOE recuerda que los taxis con licencias de circulaci\u00f3n de estos cuatro municipios comparten con los taxis de Santander la autorizaci\u00f3n para estacionar en el aeropuerto de Parayas- Severiano Ballesteros \u201cy tienen la misma tarifa\u201d.<\/p>\n<p>Por lo que, a juicio de Casares, \u201cparece razonable que puesto que los viajeros que vayan a usar un taxi deben tener las mismas oportunidades, los mismos criterios y las mismas tarifas para trasladarse a Santander si cogen uno de esos taxis o un taxi de la ciudad\u201d.<\/p>\n<p>\u201cSi sales del aeropuerto, vas a la parada y el taxi que te corresponde es de Santander, podr\u00e1s circular por el carril bus. Sin embargo, si el taxi que por orden te corresponde es de Camargo cuando te traslade a Santander no podr\u00e1s discurrir por ese carril. Es un desprop\u00f3sito, m\u00e1s cuando el carril bus est\u00e1 vac\u00edo\u201d, denuncia.<\/p>\n<p><strong>Nuevos cambios en el metro-TUS<\/strong><\/p>\n<p>Por \u00faltimo, Pedro Casares recuerda al equipo de gobierno del PP que \u201cel descontento con el metro-TUS es generalizado\u201d y est\u00e1 afectando a much\u00edsimos sectores y sobre todo a la ciudadan\u00eda, generando problemas \u201cde todo tipo\u201d para desplazarse por Santander.<\/p>\n<p>En este sentido, el l\u00edder de los socialistas santanderinos recuerda que los cambios introducidos hoy en las l\u00edneas 3, 17, 5C1 y 5C2 \u201cno responden a lo que pide la gente que no quieren trasbordos a ninguna hora del d\u00eda, quieren poder llegar al centro de Santander como lo hac\u00edan antes del 1 de febrero\u201d.<\/p>\n<p>\u201cGema Igual no escucha a nadie y hoy se pone en marcha nuevos cambios en el TUS cuando lo que piden los santanderinos es paralizar el metro-TUS\u201d, subraya. A la vez que se pregunta, si la raz\u00f3n por la que el PP no paraliza el proyecto \u201ces porque ser\u00eda tanto como reconocer que han tirado 7 millones de euros de todos los santanderinos a la basura\u201d.<\/p>\n<p>Unos cambios que, seg\u00fan informa Pedro Casares, hoy han generado m\u00e1s caos y desconcierto. Han sido muchos los santanderinos que no sab\u00edan que paradas hac\u00edan las l\u00edneas, ni lo horarios o los nuevos recorridos. Un cap\u00edtulo m\u00e1s del proyecto del metro-TUS que se ha convertido en una pesadilla para los santanderinos\u201d, concluye el portavoz del PSOE. <\/p>\n","protected":false},"excerpt":{"rendered":"<p>El secretario general y portavoz municipal del PSOE, Pedro Casares, ha pedido hoy a la Alcaldesa de Santander, Gema Igual, que atienda las peticiones de los taxis interurbanos, \u201cy les reciba, tal y como han solicitado ellos mismos \u201cpara explicarle su situaci\u00f3n tras la implantaci\u00f3n del metro-TUS\u201d. Casares se ha reunido con representantes de los [&hellip;]<\/p>\n","protected":false},"author":2,"featured_media":1269,"comment_status":"open","ping_status":"open","sticky":false,"template":"","format":"standard","meta":{"tdm_status":"","tdm_grid_status":"","footnotes":""},"categories":[20,16],"tags":[],"class_list":["post-1462","post","type-post","status-publish","format-standard","has-post-thumbnail","hentry","category-santander","category-noticias-santander"],"_links":{"self":[{"href":"https:\/\/www.psc-psoe.es\/index.php\/wp-json\/wp\/v2\/posts\/1462","targetHints":{"allow":["GET"]}}],"collection":[{"href":"https:\/\/www.psc-psoe.es\/index.php\/wp-json\/wp\/v2\/posts"}],"about":[{"href":"https:\/\/www.psc-psoe.es\/index.php\/wp-json\/wp\/v2\/types\/post"}],"author":[{"embeddable":true,"href":"https:\/\/www.psc-psoe.es\/index.php\/wp-json\/wp\/v2\/users\/2"}],"replies":[{"embeddable":true,"href":"https:\/\/www.psc-psoe.es\/index.php\/wp-json\/wp\/v2\/comments?post=1462"}],"version-history":[{"count":0,"href":"https:\/\/www.psc-psoe.es\/index.php\/wp-json\/wp\/v2\/posts\/1462\/revisions"}],"wp:featuredmedia":[{"embeddable":true,"href":"https:\/\/www.psc-psoe.es\/index.php\/wp-json\/wp\/v2\/media\/1269"}],"wp:attachment":[{"href":"https:\/\/www.psc-psoe.es\/index.php\/wp-json\/wp\/v2\/media?parent=1462"}],"wp:term":[{"taxonomy":"category","embeddable":true,"href":"https:\/\/www.psc-psoe.es\/index.php\/wp-json\/wp\/v2\/categories?post=1462"},{"taxonomy":"post_tag","embeddable":true,"href":"https:\/\/www.psc-psoe.es\/index.php\/wp-json\/wp\/v2\/tags?post=1462"}],"curies":[{"name":"wp","href":"https:\/\/api.w.org\/{rel}","templated":true}]}}