{"id":1456,"date":"2018-03-21T17:44:04","date_gmt":"2018-03-21T16:44:04","guid":{"rendered":"http:\/\/psc-psoe.es\/?p=1456"},"modified":"2019-02-19T13:19:35","modified_gmt":"2019-02-19T12:19:35","slug":"pedro-casares-llama-a-la-unidad-y-a-trabajar-todos-juntos-para-lograr-el-cambio-en-la-alcaldia-dentro-de-un-ano","status":"publish","type":"post","link":"https:\/\/www.psc-psoe.es\/index.php\/2018\/03\/21\/pedro-casares-llama-a-la-unidad-y-a-trabajar-todos-juntos-para-lograr-el-cambio-en-la-alcaldia-dentro-de-un-ano\/","title":{"rendered":"Pedro Casares llama a la unidad y a trabajar todos juntos para lograr el cambio en la Alcald\u00eda dentro de un a\u00f1o"},"content":{"rendered":"<p class=\"m_6001442528180275402gmail-m-2768253029671462617s12\">El secretario general del PSOE de Santander, Pedro Casares, ha llamado hoy a la unidad, durante su intervenci\u00f3n en la asamblea de la agrupaci\u00f3n socialista de la capital, \u201cy a trabajar todos juntos para lograr el cambio en la Alcald\u00eda dentro de\u00a0un a\u00f1o\u201d.<\/p>\n<p class=\"m_6001442528180275402gmail-m-2768253029671462617s12\">Casares <span lang=\"ES-TRAD\">considera que el esfuerzo colectivo, la suma de opiniones y criterios, compartir diferencias y sumar voluntades son \u201cclaves\u201d para trabajar en el reto de que \u201chaya un gobierno progresista por primera vez en democracia en la ciudad\u201d.<\/span><\/p>\n<p class=\"m_6001442528180275402gmail-m-2768253029671462617s12\"><span lang=\"ES-TRAD\">\u201cQuiero aprovechar tambi\u00e9n hoy para tender la mano a todos los militantes de este partido, para que entre todos logremos el sue\u00f1o compartido de poder hacer realidad un cambio en Santander despu\u00e9s de cuarenta a\u00f1os de gobiernos de la derecha\u201d ha expresado.<\/span><\/p>\n<p class=\"m_6001442528180275402gmail-m-2768253029671462617s12\"><span lang=\"ES-TRAD\">En este sentido, el dirigente socialista ha se\u00f1alado que quiere contar con toda la militancia y todos los simpatizantes \u201cpara trabajar en estos pr\u00f3ximos doce meses en que el PSOE est\u00e9 preparado, dispuesto para aglutinar el apoyo de la mayor\u00eda social de esta ciudad\u201d.<\/span><\/p>\n<p class=\"m_6001442528180275402gmail-m-2768253029671462617s12\"><span lang=\"ES-TRAD\">Para ello, ha recordado que se han puesto en marcha ocho grupos de trabajo sobre diferentes \u00e1reas de gesti\u00f3n municipal \u201cpara <\/span>sumar todas las visiones para conformar una alternativa realista y coherente con las necesidades de Santander\u201d. A la par de un <span lang=\"ES-TRAD\">un plan de acci\u00f3n vecinal \u201cque permita mantener una interlocuci\u00f3n diaria, directa y permanente con la ciudadan\u00eda y los movimientos vecinales\u201d.<\/span><\/p>\n<p class=\"m_6001442528180275402gmail-m-2768253029671462617s12\"><b>Una alcaldesa superada por los acontecimientos<\/b><\/p>\n<p class=\"m_6001442528180275402gmail-m-2768253029671462617s12\">Por otra parte, el l\u00edder socialista ha afirmado que \u201choy el Partido Popular est\u00e1 m\u00e1s desgastado que nunca, sin modelo de ciudad sobre la que dise\u00f1ar el futuro de los pr\u00f3ximos 20 a\u00f1os y con una alcaldesa superada por los acontecimientos\u201d.<\/p>\n<p class=\"m_6001442528180275402gmail-m-2768253029671462617s12\">As\u00ed ha recordado que \u201cdesde que Igual accedi\u00f3 a la alcald\u00eda\u201d se ha anulado el PGOU, se ha desplomado un edificio en la calle del Sol \u201ctras concesiones de licencias expr\u00e9s\u201d, se ha quemado el MAS y todav\u00eda no se sabe el origen, aunque s\u00ed se sabe que no funcionaban los sistemas de seguridad, se ha traducido mal la web de turismo para FITUR, est\u00e1 pendiente el expediente por cesi\u00f3n ilegal de trabajadores en Santurban \u201co la justicia ha fallado en contra de sus propuestas sobre el catastrazo o las plusval\u00edas\u201d.<\/p>\n<p class=\"m_6001442528180275402gmail-m-2768253029671462617s12\">A su vez, denuncia que \u201cson asignaturas pendientes del PP\u201d la mejora de la recogida de basuras y limpieza viaria, la respuesta a los vecinos del centro para conciliar el ocio con el descanso, la reducci\u00f3n de impuestos y tasas municipales \u201ctras las indiscriminadas subidas del IBI, agua y basuras de los \u00faltimos a\u00f1os\u201d o una \u201cverdadera\u201d pol\u00edtica social municipal \u201cpara combatir la emergencia social\u201d.<\/p>\n<p class=\"m_6001442528180275402gmail-m-2768253029671462617s12\">Frente a ello, destaca que el PSOE lleva tres a\u00f1os \u201chaciendo oposici\u00f3n exigente, dando respuesta a cada reto que tiene la ciudad\u201d, como ahora con la paralizaci\u00f3n de los espigones en las playas o la remodelaci\u00f3n integral de la calle Magallanes.<\/p>\n<p class=\"m_6001442528180275402gmail-m-2768253029671462617s12\">\u201cEl PP se ha olvidado de escuchar a los santanderinos, gobiernan de espalda al inter\u00e9s general y sin atender ni entender lo que piden los vecinos de esta ciudad para mejorar su vida\u201d ha se\u00f1alado Casares, que subraya que el PSOE es \u201c<span lang=\"ES-TRAD\">l\u00edder de la oposici\u00f3n pol\u00edtica y social\u201d al PP en el Pleno del Ayuntamiento \u201cy tambi\u00e9n en sus calles\u201d.<\/span><\/p>\n<p class=\"m_6001442528180275402gmail-m-2768253029671462617s12\"><span lang=\"ES-TRAD\">De esta forma, ha asegurado que el partido \u201cvive permanentemente en escucha activa, conectado a las necesidades de los vecinos, escuchando las propuestas e ideas para mejorar cada barrio o zona de Santander\u201d.<\/span><\/p>\n<p class=\"m_6001442528180275402gmail-m-2768253029671462617s12\"><b><span lang=\"ES-TRAD\">Paralizar el metro-TUS<\/span><\/b><\/p>\n<p class=\"m_6001442528180275402gmail-m-2768253029671462617s12\"><span lang=\"ES-TRAD\">Sobre el metro-TUS, Casares ha recordado que el PSOE va a seguir exigiendo <\/span>la paralizaci\u00f3n del proyecto, \u201cbuscando el di\u00e1logo y el acuerdo con todas las partes implicadas para desarrollar un modelo de transporte urbano p\u00fablico y sostenible\u201d.<\/p>\n<p class=\"m_6001442528180275402gmail-m-2768253029671462617s12\">\u201cSi el PP quer\u00eda cambiar el modelo de transporte en Santander lo primero que deber\u00eda haber hecho es preguntar a los santanderinos, hablando con todos, usuarios y trabajadores del TUS, partidos pol\u00edticos, asociaciones de vecinos, polic\u00eda y agentes de movilidad, taxistas\u2026 y no hablaron con nadie\u201d ha denunciado.<\/p>\n<p class=\"m_6001442528180275402gmail-m-2768253029671462617s12\"><span lang=\"ES-TRAD\">No sin antes recordar que el metro-TUS<\/span> acumula el mayor n\u00famero de rectificaciones e improvisaciones que se recuerda, \u201cy en el que el PP ha gastado m\u00e1s de 7 millones de euros, que solo han servido para empeorar el servicio\u201d. \u201cH<span lang=\"ES-TRAD\">oy los vecinos de los barrios perif\u00e9ricos est\u00e1n m\u00e1s alejados del centro, tardan m\u00e1s en llegar, tienen que hacer trasbordos y adem\u00e1s tienen largas esperas a la intemperie en los intercambiadores\u201d.<\/span><\/p>\n<p class=\"m_6001442528180275402gmail-m-2768253029671462617s12\">Por su parte, el secretario general del PSOE apuesta por un modelo \u201cque mejore el transporte p\u00fablico, aumentando las <span lang=\"ES-TRAD\">frecuencias de las l\u00edneas, acercando los barrios al centro y que sea garant\u00eda de un sistema sostenible y respetuoso con el medio ambiente\u201d. \u201cUn modelo que necesita de un compromiso pol\u00edtico para incrementar la plantilla de personal y una apuesta clara de servicio p\u00fablico, de gesti\u00f3n p\u00fablica, que ponga fin a la privatizaci\u00f3n parcial que el Partido Popular lleva a\u00f1os realizando\u201d ha subrayado.<\/span><\/p>\n<p class=\"m_6001442528180275402gmail-m-2768253029671462617s12\"><b><span lang=\"ES-TRAD\">Tres resoluciones pol\u00edticas<\/span><\/b><\/p>\n<p class=\"m_6001442528180275402gmail-m-2768253029671462617s12\"><span lang=\"ES-TRAD\">Por \u00faltimo, durante la asamblea la Comisi\u00f3n Ejecutiva Municipal ha presentado tres resoluciones, para su debate y aprobaci\u00f3n. Una pidiendo la paralizaci\u00f3n del metro-TUS y otras dos, para mostrar el apoyo del PSOE de Santander a las movilizaciones para defender unas pensiones dignas en el marco del sistema p\u00fablico y para <\/span>defender las pol\u00edticas de igualdad y de lucha contra la discriminaci\u00f3n de las mujeres.<\/p>\n<p class=\"m_6001442528180275402gmail-m-2768253029671462617s12\">Sobre este punto, Casares ha recordado que \u201cel feminismo es fundamental <a name=\"m_6001442528180275402__GoBack\"><\/a>para construir una sociedad justa, igualitaria y democr\u00e1tica\u201d.<\/p>\n<p>En cuanto a las pensiones, el l\u00edder de los socialistas santanderinos ha subrayado que el PSOE \u201cest\u00e1 en la calle junto a los pensionistas defendiendo lo que es justo\u201d y ha recordado que el pr\u00f3ximo <span lang=\"ES-TRAD\">26 de marzo \u201cvolveremos a estar con ellos\u201d en la concentraci\u00f3n convocada.<\/span> <\/p>\n","protected":false},"excerpt":{"rendered":"<p>El secretario general del PSOE de Santander, Pedro Casares, ha llamado hoy a la unidad, durante su intervenci\u00f3n en la asamblea de la agrupaci\u00f3n socialista de la capital, \u201cy a trabajar todos juntos para lograr el cambio en la Alcald\u00eda dentro de\u00a0un a\u00f1o\u201d. Casares considera que el esfuerzo colectivo, la suma de opiniones y criterios, [&hellip;]<\/p>\n","protected":false},"author":2,"featured_media":1457,"comment_status":"open","ping_status":"open","sticky":false,"template":"","format":"standard","meta":{"tdm_status":"","tdm_grid_status":"","footnotes":""},"categories":[20,16],"tags":[],"class_list":["post-1456","post","type-post","status-publish","format-standard","has-post-thumbnail","hentry","category-santander","category-noticias-santander"],"_links":{"self":[{"href":"https:\/\/www.psc-psoe.es\/index.php\/wp-json\/wp\/v2\/posts\/1456","targetHints":{"allow":["GET"]}}],"collection":[{"href":"https:\/\/www.psc-psoe.es\/index.php\/wp-json\/wp\/v2\/posts"}],"about":[{"href":"https:\/\/www.psc-psoe.es\/index.php\/wp-json\/wp\/v2\/types\/post"}],"author":[{"embeddable":true,"href":"https:\/\/www.psc-psoe.es\/index.php\/wp-json\/wp\/v2\/users\/2"}],"replies":[{"embeddable":true,"href":"https:\/\/www.psc-psoe.es\/index.php\/wp-json\/wp\/v2\/comments?post=1456"}],"version-history":[{"count":0,"href":"https:\/\/www.psc-psoe.es\/index.php\/wp-json\/wp\/v2\/posts\/1456\/revisions"}],"wp:featuredmedia":[{"embeddable":true,"href":"https:\/\/www.psc-psoe.es\/index.php\/wp-json\/wp\/v2\/media\/1457"}],"wp:attachment":[{"href":"https:\/\/www.psc-psoe.es\/index.php\/wp-json\/wp\/v2\/media?parent=1456"}],"wp:term":[{"taxonomy":"category","embeddable":true,"href":"https:\/\/www.psc-psoe.es\/index.php\/wp-json\/wp\/v2\/categories?post=1456"},{"taxonomy":"post_tag","embeddable":true,"href":"https:\/\/www.psc-psoe.es\/index.php\/wp-json\/wp\/v2\/tags?post=1456"}],"curies":[{"name":"wp","href":"https:\/\/api.w.org\/{rel}","templated":true}]}}