{"id":1450,"date":"2018-03-19T17:41:03","date_gmt":"2018-03-19T16:41:03","guid":{"rendered":"http:\/\/psc-psoe.es\/?p=1450"},"modified":"2019-01-03T17:42:54","modified_gmt":"2019-01-03T16:42:54","slug":"el-psoe-saca-adelante-su-pnl-para-exigir-a-fomento-el-15-cultural-para-hacer-frente-a-la-rehabilitacion-del-seminario-de-comillas","status":"publish","type":"post","link":"https:\/\/www.psc-psoe.es\/index.php\/2018\/03\/19\/el-psoe-saca-adelante-su-pnl-para-exigir-a-fomento-el-15-cultural-para-hacer-frente-a-la-rehabilitacion-del-seminario-de-comillas\/","title":{"rendered":"El PSOE saca adelante su PNL para exigir a Fomento el 1,5% Cultural para hacer frente a la rehabilitaci\u00f3n del Seminario de Comillas"},"content":{"rendered":"<p><span class=\"Apple-style-span\">El portavoz del grupo parlamentario socialista, V\u00edctor Casal asegura que \u201cestamos satisfechos por alcanzar, a trav\u00e9s del di\u00e1logo y el acuerdo, nuestra iniciativa por recuperar la inversi\u00f3n para poder hacer frente a la \u00faltima fase de la rehabilitaci\u00f3n del Seminario de Comillas\u201d.<\/span><\/p>\n<p><span class=\"Apple-style-span\">Casal, se refiere de esta manera a la Proposici\u00f3n no de Ley (PNL), presentada por el PSOE de Cantabria, relativa a la concesi\u00f3n del 1,5 por ciento Cultural para hacer frente a las obras de rehabilitaci\u00f3n de la iglesia del Seminario Mayor de la Universidad Pontificia de Comillas. Una PNL, que ha sido aprobada en el Pleno del \u00a0Parlamento c\u00e1ntabro con los votos a favor de PSOE, PRC , Podemos y Grupo Mixto.<\/span><\/p>\n<p><span class=\"Apple-style-span\">\u201cLos socialistas hemos llegado a un consenso con otros grupos parlamentarios para exigir al Ministerio de Fomento, una inversi\u00f3n que, por justicia, le corresponde a nuestra Comunidad Aut\u00f3noma\u201d, declara.<\/span><\/p>\n<p><span class=\"Apple-style-span\">Por eso, afirma que \u201chemos conseguido hacer una enmienda transaccional, para que De la Serna recapacite, rectifique en su decisi\u00f3n de retirar el 1,5 por ciento Cultural y para que el ministro compruebe que los socialistas no somos los \u00fanicos que no confiamos en su palabra\u201d.<\/span><\/p>\n<p><span class=\"Apple-style-span\">Una enmienda transaccional, en la que explica, \u201cinstamos al Ejecutivo central a que financie las actuaciones pendientes de la rehabilitaci\u00f3n del Seminario de Comillas, a que incluya la partida correspondiente en los Presupuestos Generales para 2018 y a que se hagan p\u00fablicos los criterios que se tienen en cuenta en el programa 1,5 por ciento Cultural del Ministerio de Fomento\u201d.<\/span><\/p>\n<p><span class=\"Apple-style-span\">A su juicio, \u201csacar adelante esta PNL, es una muestra muy clara de que los c\u00e1ntabros y las c\u00e1ntabras estamos cansados de los continuos incumplimientos que el Gobierno de Mariano Rajoy tiene con esta Comunidad\u201d.<\/span><\/p>\n<p><strong><span class=\"Apple-style-span\">\u00a0<\/span><\/strong><strong><span class=\"Apple-style-span\">Cr\u00edticas al PP<\/span><\/strong><\/p>\n<p><span class=\"Apple-style-span\">\u00a0<\/span><span class=\"Apple-style-span\">Por otro lado, manifiesta que \u201ces incomprensible que el PP c\u00e1ntabro, no apoye una iniciativa que ser\u00e1, sin duda, beneficiosa para conservar uno de los mayores tesoros patrimoniales de toda Cantabria\u201d.<\/span><\/p>\n<p><span class=\"Apple-style-span\">\u201cEl PP vuelve a dar la espalda a los c\u00e1ntabros y las c\u00e1ntabras al abstenerse a una PNL, que tiene como objetivo conseguir la financiaci\u00f3n del Estado para recuperar de manera \u00edntegra uno de los edificios de incalculable valor patrimonial, hist\u00f3rico y cultural de esta Comunidad\u201d.<\/span><\/p>\n<p><span class=\"Apple-style-span\">Por eso, pide al PP de Cantabria que \u201cd\u00e9 un toque de atenci\u00f3n a De la Serna para que, de una vez y de verdad, se comprometa con esta Comunidad\u201d.<\/span><\/p>\n<p><span class=\"Apple-style-span\">\u201cLa mala gesti\u00f3n del ministro de Fomento con Cantabria ha hecho que los socialistas y la mayor\u00eda de la ciudadan\u00eda de esta regi\u00f3n no confiemos en las aparentes buenas intenciones de un ministro que promete una lluvia de millones, que jam\u00e1s llegan\u201d, sentencia.<\/span> <\/p>\n","protected":false},"excerpt":{"rendered":"<p>El portavoz del grupo parlamentario socialista, V\u00edctor Casal asegura que \u201cestamos satisfechos por alcanzar, a trav\u00e9s del di\u00e1logo y el acuerdo, nuestra iniciativa por recuperar la inversi\u00f3n para poder hacer frente a la \u00faltima fase de la rehabilitaci\u00f3n del Seminario de Comillas\u201d. Casal, se refiere de esta manera a la Proposici\u00f3n no de Ley (PNL), [&hellip;]<\/p>\n","protected":false},"author":2,"featured_media":1452,"comment_status":"open","ping_status":"open","sticky":false,"template":"","format":"standard","meta":{"tdm_status":"","tdm_grid_status":"","footnotes":""},"categories":[24],"tags":[],"class_list":["post-1450","post","type-post","status-publish","format-standard","has-post-thumbnail","hentry","category-partido"],"_links":{"self":[{"href":"https:\/\/www.psc-psoe.es\/index.php\/wp-json\/wp\/v2\/posts\/1450","targetHints":{"allow":["GET"]}}],"collection":[{"href":"https:\/\/www.psc-psoe.es\/index.php\/wp-json\/wp\/v2\/posts"}],"about":[{"href":"https:\/\/www.psc-psoe.es\/index.php\/wp-json\/wp\/v2\/types\/post"}],"author":[{"embeddable":true,"href":"https:\/\/www.psc-psoe.es\/index.php\/wp-json\/wp\/v2\/users\/2"}],"replies":[{"embeddable":true,"href":"https:\/\/www.psc-psoe.es\/index.php\/wp-json\/wp\/v2\/comments?post=1450"}],"version-history":[{"count":0,"href":"https:\/\/www.psc-psoe.es\/index.php\/wp-json\/wp\/v2\/posts\/1450\/revisions"}],"wp:featuredmedia":[{"embeddable":true,"href":"https:\/\/www.psc-psoe.es\/index.php\/wp-json\/wp\/v2\/media\/1452"}],"wp:attachment":[{"href":"https:\/\/www.psc-psoe.es\/index.php\/wp-json\/wp\/v2\/media?parent=1450"}],"wp:term":[{"taxonomy":"category","embeddable":true,"href":"https:\/\/www.psc-psoe.es\/index.php\/wp-json\/wp\/v2\/categories?post=1450"},{"taxonomy":"post_tag","embeddable":true,"href":"https:\/\/www.psc-psoe.es\/index.php\/wp-json\/wp\/v2\/tags?post=1450"}],"curies":[{"name":"wp","href":"https:\/\/api.w.org\/{rel}","templated":true}]}}