{"id":1444,"date":"2018-03-17T17:37:23","date_gmt":"2018-03-17T16:37:23","guid":{"rendered":"http:\/\/psc-psoe.es\/?p=1444"},"modified":"2019-02-19T13:19:49","modified_gmt":"2019-02-19T12:19:49","slug":"pedro-casares-considera-que-el-pp-no-puede-hacer-oidos-sordos-a-la-defensa-del-sistema-publico-de-pensiones","status":"publish","type":"post","link":"https:\/\/www.psc-psoe.es\/index.php\/2018\/03\/17\/pedro-casares-considera-que-el-pp-no-puede-hacer-oidos-sordos-a-la-defensa-del-sistema-publico-de-pensiones\/","title":{"rendered":"Pedro Casares considera que el PP no puede \u201chacer o\u00eddos sordos\u201d a la defensa del sistema p\u00fablico de pensiones"},"content":{"rendered":"<p class=\"m-2768253029671462617s12\">El secretario general y portavoz municipal del PSOE en el Ayuntamiento de Santander, Pedro Casares,<b><\/b>considera que el Partido Popular no puede \u201chacer o\u00eddos sordos\u201d a la defensa del sistema p\u00fablico de pensiones \u201cy debe rectificar y apoyar a la ciudadan\u00eda\u201d.<\/p>\n<p class=\"m-2768253029671462617s12\">Casares, que ha participado en la multitudinaria manifestaci\u00f3n que ha recorrido Santander, se\u00f1ala que \u201clos santanderinos han salido hoy a la calle, en un ejercicio de solidaridad entre generaciones, para defender unas pensiones dignas para los jubilados de hoy y del futuro\u201d.<\/p>\n<p class=\"m-2768253029671462617s12\">\u201cLos ciudadanos han salido hoy en Santander y en todas las ciudades de nuestro pa\u00eds a exigir lo que es de justicia, que despu\u00e9s de toda una vida de esfuerzo y trabajo, los jubilados tengan una pensi\u00f3n digna con la que poder vivir\u201d se\u00f1ala el edil.<\/p>\n<p class=\"m-2768253029671462617s12\">El<a name=\"_GoBack\"><\/a>\u00a0portavoz del PSOE<b> <\/b>defiende que el sistema p\u00fablico de pensiones constituye la pol\u00edtica p\u00fablica con mayor capacidad de redistribuci\u00f3n \u201cy hay que protegerlo\u201d. \u201cHoy los santanderinos y los miles de espa\u00f1oles que han salido a las calles solo est\u00e1n defendiendo lo que es l\u00f3gico, que se protejan sus pensiones\u201d explica, a la vez que denuncia que \u201csi hab\u00eda dinero para rescatar al sector financiero, debe haber dinero para proteger las pensiones\u201d.<\/p>\n<p class=\"m-2768253029671462617s12\">En este sentido, el l\u00edder socialista recuerda que la alcaldesa de Santander, Gema Igual, y el equipo de gobierno del PP votaron en contra de la moci\u00f3n del PSOE \u201cpara exigir unas pensiones dignas y la protecci\u00f3n del sistema p\u00fablico de pensiones\u201d. \u201cPed\u00edamos recuperar el consenso del Pacto de Toledo, pero como hemos visto muchas veces, son incapaces de entender lo que es el di\u00e1logo y el acuerdo aunque se lo digan alto y claro miles de pensionistas\u201d subraya.<\/p>\n<p class=\"m-2768253029671462617s12\">Por \u00faltimo, Pedro Casares considera que el Gobierno de Mariano Rajoy \u201ces un gobierno insensible ante la pobreza y ante la desigualdad, como ha demostrado los \u00faltimos 6 a\u00f1os, con recortes sistem\u00e1ticos en el sistema de pensiones, menoscaba la viabilidad del sistema\u201d.<\/p>\n<p class=\"m-2768253029671462617s12\"><span lang=\"ES-TRAD\">Adem\u00e1s, el l\u00edder de los socialistas santanderinos recuerda que el d\u00e9ficit ha sido compensado por retiradas masivas del Fondo de Reserva que, de contar con 66.815 millones de euros a finales de 2011, se sit\u00faa, en el d\u00eda de hoy, en 8.095 millones de euros.<\/span><\/p>\n<p class=\"m-2768253029671462617s12\">Para el edil, el Partido Popular \u201cest\u00e1 dilapidando el Fondo de Reserva de la Seguridad Social y poniendo en riesgo las pensiones del futuro\u201d. \u201cYa no solo unas pensiones dignas, sino la certidumbre de saber si podremos jubilarnos en el futuro est\u00e1 en peligro con un gobierno irresponsable que no cree en lo p\u00fablico y est\u00e1 desmantelando el sistema p\u00fablico de pensiones.<\/p>\n","protected":false},"excerpt":{"rendered":"<p>El secretario general y portavoz municipal del PSOE en el Ayuntamiento de Santander, Pedro Casares,considera que el Partido Popular no puede \u201chacer o\u00eddos sordos\u201d a la defensa del sistema p\u00fablico de pensiones \u201cy debe rectificar y apoyar a la ciudadan\u00eda\u201d. Casares, que ha participado en la multitudinaria manifestaci\u00f3n que ha recorrido Santander, se\u00f1ala que \u201clos [&hellip;]<\/p>\n","protected":false},"author":2,"featured_media":1445,"comment_status":"open","ping_status":"open","sticky":false,"template":"","format":"standard","meta":{"tdm_status":"","tdm_grid_status":"","footnotes":""},"categories":[20,16],"tags":[],"class_list":["post-1444","post","type-post","status-publish","format-standard","has-post-thumbnail","hentry","category-santander","category-noticias-santander"],"_links":{"self":[{"href":"https:\/\/www.psc-psoe.es\/index.php\/wp-json\/wp\/v2\/posts\/1444","targetHints":{"allow":["GET"]}}],"collection":[{"href":"https:\/\/www.psc-psoe.es\/index.php\/wp-json\/wp\/v2\/posts"}],"about":[{"href":"https:\/\/www.psc-psoe.es\/index.php\/wp-json\/wp\/v2\/types\/post"}],"author":[{"embeddable":true,"href":"https:\/\/www.psc-psoe.es\/index.php\/wp-json\/wp\/v2\/users\/2"}],"replies":[{"embeddable":true,"href":"https:\/\/www.psc-psoe.es\/index.php\/wp-json\/wp\/v2\/comments?post=1444"}],"version-history":[{"count":0,"href":"https:\/\/www.psc-psoe.es\/index.php\/wp-json\/wp\/v2\/posts\/1444\/revisions"}],"wp:featuredmedia":[{"embeddable":true,"href":"https:\/\/www.psc-psoe.es\/index.php\/wp-json\/wp\/v2\/media\/1445"}],"wp:attachment":[{"href":"https:\/\/www.psc-psoe.es\/index.php\/wp-json\/wp\/v2\/media?parent=1444"}],"wp:term":[{"taxonomy":"category","embeddable":true,"href":"https:\/\/www.psc-psoe.es\/index.php\/wp-json\/wp\/v2\/categories?post=1444"},{"taxonomy":"post_tag","embeddable":true,"href":"https:\/\/www.psc-psoe.es\/index.php\/wp-json\/wp\/v2\/tags?post=1444"}],"curies":[{"name":"wp","href":"https:\/\/api.w.org\/{rel}","templated":true}]}}