{"id":1438,"date":"2018-03-17T17:34:09","date_gmt":"2018-03-17T16:34:09","guid":{"rendered":"http:\/\/psc-psoe.es\/?p=1438"},"modified":"2019-02-19T13:19:58","modified_gmt":"2019-02-19T12:19:58","slug":"el-psoe-pide-a-gema-igual-que-escuche-a-los-santanderinos-tras-la-historica-manifestacion-contra-el-metro-tus","status":"publish","type":"post","link":"https:\/\/www.psc-psoe.es\/index.php\/2018\/03\/17\/el-psoe-pide-a-gema-igual-que-escuche-a-los-santanderinos-tras-la-historica-manifestacion-contra-el-metro-tus\/","title":{"rendered":"El PSOE pide a Gema Igual que escuche a los santanderinos tras la \u201chist\u00f3rica\u201d manifestaci\u00f3n contra el metro-TUS"},"content":{"rendered":"<p><span class=\"m5344468679838531056bumpedfont20\">El secretario general y portavoz\u00a0del PSOE en el Ayuntamiento de Santander, Pedro Casares,<\/span><span class=\"m5344468679838531056bumpedfont15\"><b>\u00a0<\/b><\/span><span class=\"m5344468679838531056bumpedfont20\">pide a la alcaldesa de Santander, Gema Igual, que escuche a los santanderinos tras la \u201chist\u00f3rica\u201d manifestaci\u00f3n contra el metro-TUS.<\/span><\/p>\n<p class=\"m5344468679838531056s17\"><span class=\"m5344468679838531056bumpedfont20\">Casares reacciona as\u00ed tras la \u201cmultitudinaria\u201d manifestaci\u00f3n que se celebr\u00f3 de ayer en Santander, y que recorri\u00f3 \u00a0las calles desde Puertochico al Ayuntamiento \u201cbajo el grito un\u00e1nime de \u00a1No al metro-TUS!\u201d.<\/span><\/p>\n<p class=\"m5344468679838531056s18\"><span class=\"m5344468679838531056bumpedfont20\">Asimismo, el portavoz socialista se pregunta cuantos cambios m\u00e1s va a hacer el equipo de gobierno del PP \u201chasta que se d\u00e9 cuenta que el sistema actual no funciona. La gente no quiere m\u00e1s cambios, rectificaciones e improvisaciones \u201csino volver al sistema anterior\u201d.<\/span><\/p>\n<p class=\"m5344468679838531056s17\"><span class=\"m5344468679838531056bumpedfont20\"><b>No m\u00e1s cambios ni transbordos<\/b><\/span><\/p>\n<p class=\"m5344468679838531056s17\"><span class=\"m5344468679838531056bumpedfont20\">De la mism<a name=\"m_5344468679838531056__GoBack\"><\/a>a forma, el edil se\u00f1ala que \u201clo que nadie entiende\u201d y \u201ctampoco lo entienden los vecinos de esta ciudad\u201d es que despu\u00e9s de haber gastado 7 millones de euros el servicio de transporte urbano \u201csea peor y ahora adem\u00e1s tengan que hacer transbordos para llegar al centro\u201d.\u00a0<\/span><\/p>\n<p class=\"m5344468679838531056s17\"><span class=\"m5344468679838531056bumpedfont20\">Para\u00a0el l\u00edder socialista, \u201csi como dice Gema Igual, lo f\u00e1cil es volver al sistema anterior, ayer miles de santanderinos se lo dijimos claramente, queremos que vuelva el sistema anterior al 1 de febrero, as\u00ed de f\u00e1cil y de simple es lo que quiere la gente en esta ciudad\u201d.<\/span><\/p>\n<p class=\"m5344468679838531056s18\"><span class=\"m5344468679838531056bumpedfont20\">As\u00ed,\u00a0a juicio de Casares,\u00a0el equipo de gobierno del PP \u201cestar\u00eda haciendo lo que hay que hacer, que es escuchar a la ciudadan\u00eda\u201d. \u201cLos ciudadanos son muy sabios y saben perfectamente cuando una propuesta les beneficia o les perjudica. Gema Igual debe recordar que gobierna para mejorar la vida de la gente y no para empeorarla\u201d denuncia.<\/span><\/p>\n<p class=\"m5344468679838531056s17\"><span class=\"m5344468679838531056bumpedfont20\">En este sentido, el l\u00edder de los socialistas santanderinos,\u00a0que afirma no recordar\u00a0una manifestaci\u00f3n\u00a0\u201cde esta magnitud\u201d por una cuesti\u00f3n de\u00a0pol\u00edtica municipal, considera que \u201cSantander no puede dar la espalda a sus vecinos y la alcaldesa debe reconocer que la movilizaci\u00f3n hist\u00f3rica del metro-TUS se produce porque la gente quiere que rectifiquen y eliminen el proyecto\u201d.<\/span><\/p>\n<p class=\"m5344468679838531056s18\"><span class=\"m5344468679838531056bumpedfont20\">\u201cSer\u00eda absurdo que despu\u00e9s de la manifestaci\u00f3n de ayer la alcaldesa mantenga un proyecto que es malo para Santander y que adem\u00e1s aglutina rechazo y protesta al que no puede hacer o\u00eddos sordos\u201d subraya Casares.<\/span><\/p>\n<p class=\"m5344468679838531056s17\"><span class=\"m5344468679838531056bumpedfont20\">Por \u00faltimo, Pedro Casares considera que los santanderinos \u201cest\u00e1n haciendo un gran esfuerzo\u201d para visualizar su \u201cmalestar\u201d con el metro-TUS. \u201cMiles de personas salieron ayer a las calles y m\u00e1s de 10.000 han firmado ya para exigir parar el metro-TUS, eliminar los transbordos, volver al sistema anterior y a partir de ah\u00ed sentarse todos a negociar\u201d explica.<\/span><\/p>\n<p class=\"m5344468679838531056s17\"><span class=\"m5344468679838531056bumpedfont20\">\u201cSi la alcaldesa fuese inteligente escuchar\u00eda a los vecinos, sobre todo a los de las zonas m\u00e1s perjudicadas como Pe\u00f1acastillo, San Rom\u00e1n, Cueto o Monte, a los que el metro-TUS les ha cambiado la vida diaria a peor y hoy tardan m\u00e1s en llegar al centro o moverse por la ciudad\u201d\u00a0concluye.<\/span><\/p>\n<p class=\"m4446712639305749811s12\">\n","protected":false},"excerpt":{"rendered":"<p>El secretario general y portavoz\u00a0del PSOE en el Ayuntamiento de Santander, Pedro Casares,\u00a0pide a la alcaldesa de Santander, Gema Igual, que escuche a los santanderinos tras la \u201chist\u00f3rica\u201d manifestaci\u00f3n contra el metro-TUS. Casares reacciona as\u00ed tras la \u201cmultitudinaria\u201d manifestaci\u00f3n que se celebr\u00f3 de ayer en Santander, y que recorri\u00f3 \u00a0las calles desde Puertochico al Ayuntamiento [&hellip;]<\/p>\n","protected":false},"author":2,"featured_media":1439,"comment_status":"open","ping_status":"open","sticky":false,"template":"","format":"standard","meta":{"tdm_status":"","tdm_grid_status":"","footnotes":""},"categories":[20,16],"tags":[],"class_list":["post-1438","post","type-post","status-publish","format-standard","has-post-thumbnail","hentry","category-santander","category-noticias-santander"],"_links":{"self":[{"href":"https:\/\/www.psc-psoe.es\/index.php\/wp-json\/wp\/v2\/posts\/1438","targetHints":{"allow":["GET"]}}],"collection":[{"href":"https:\/\/www.psc-psoe.es\/index.php\/wp-json\/wp\/v2\/posts"}],"about":[{"href":"https:\/\/www.psc-psoe.es\/index.php\/wp-json\/wp\/v2\/types\/post"}],"author":[{"embeddable":true,"href":"https:\/\/www.psc-psoe.es\/index.php\/wp-json\/wp\/v2\/users\/2"}],"replies":[{"embeddable":true,"href":"https:\/\/www.psc-psoe.es\/index.php\/wp-json\/wp\/v2\/comments?post=1438"}],"version-history":[{"count":0,"href":"https:\/\/www.psc-psoe.es\/index.php\/wp-json\/wp\/v2\/posts\/1438\/revisions"}],"wp:featuredmedia":[{"embeddable":true,"href":"https:\/\/www.psc-psoe.es\/index.php\/wp-json\/wp\/v2\/media\/1439"}],"wp:attachment":[{"href":"https:\/\/www.psc-psoe.es\/index.php\/wp-json\/wp\/v2\/media?parent=1438"}],"wp:term":[{"taxonomy":"category","embeddable":true,"href":"https:\/\/www.psc-psoe.es\/index.php\/wp-json\/wp\/v2\/categories?post=1438"},{"taxonomy":"post_tag","embeddable":true,"href":"https:\/\/www.psc-psoe.es\/index.php\/wp-json\/wp\/v2\/tags?post=1438"}],"curies":[{"name":"wp","href":"https:\/\/api.w.org\/{rel}","templated":true}]}}