{"id":1436,"date":"2018-03-16T17:33:09","date_gmt":"2018-03-16T16:33:09","guid":{"rendered":"http:\/\/psc-psoe.es\/?p=1436"},"modified":"2019-01-03T17:33:58","modified_gmt":"2019-01-03T16:33:58","slug":"el-psoe-hace-un-llamamiento-a-la-participacion-de-los-ciudadanos-en-las-manifestaciones-del-17-de-marzo","status":"publish","type":"post","link":"https:\/\/www.psc-psoe.es\/index.php\/2018\/03\/16\/el-psoe-hace-un-llamamiento-a-la-participacion-de-los-ciudadanos-en-las-manifestaciones-del-17-de-marzo\/","title":{"rendered":"El PSOE hace un llamamiento a la participaci\u00f3n de los ciudadanos en las manifestaciones del 17 de marzo"},"content":{"rendered":"<p>La\u00a0secretaria de Organizaci\u00f3n del PSOE de Cantabria, Noelia Cobo, asegura que \u201clos socialistas de Cantabria saldremos a las calles a manifestarnos con los pensionistas, para reivindicar al Gobierno central unas pensiones dignas, la revalorizaci\u00f3n de las pensiones conforme al IPC y la defensa del sistema p\u00fablico de pensiones\u201d.<\/p>\n<p>El PSOE de Cantabria se sumar\u00e1 a la manifestaci\u00f3n prevista de jubilados para el pr\u00f3ximo 17 de marzo en Santander por las pensiones, convocada por los sindicatos UGT y CC.OO, que partir\u00e1 a las 12.30 horas de la Plaza Numancia y llegar\u00e1 hasta los Jardines de Pereda.<\/p>\n<p>Cobo, considera que \u201cel 17 de marzo, es la fecha en la que todos los c\u00e1ntabros y las c\u00e1ntabras, no solo los pensionistas, tambi\u00e9n los j\u00f3venes y el conjunto de la sociedad, \u00a0nos tenemos que movilizar para reivindicar y luchar por lo que consideramos que es justo para los jubilados de ahora y del futuro\u201d.<\/p>\n<p>\u201cCantabria se tiene que implicar con sus pensionistas, se tiene que unir a ellos en las movilizaciones, para que Rajoy escuche, con m\u00e1s fuerza que nunca, las reclamaciones y necesidades de los ciudadanos de todo el pa\u00eds\u201d, reclama.<\/p>\n<p>En este sentido afirma que, \u201clas pensiones son un derecho de los ciudadanos, no son ni un donativo, \u00a0ni tampoco un privilegio\u201d.<\/p>\n<p><strong>Mala praxis del PP<\/strong><\/p>\n<p>La dirigente socialista critica que, \u201cno se puede consentir que el Gobierno del PP, mantenga la miserable y rid\u00edcula subida del 0,25 por ciento en las pensiones y que los pensionistas contin\u00faen perdiendo poder adquisitivo en un momento en el que la econom\u00eda crece y los precios suben\u201d. Por ello, pide a Rajoy \u201cque rectifique, deje de dar tijeretazos a las pensiones y que d\u00e9 soluciones reales que garanticen su sostenibilidad\u201d.<\/p>\n<p>Asimismo, cree que \u201cdesde que el PP gobierna este pa\u00eds, la hucha de las pensiones se encuentra en una situaci\u00f3n de alarma y de d\u00e9ficit\u201d y todo ello se debe dice, \u201ca la falta de inter\u00e9s que tiene el Ejecutivo central por garantizar las pensiones p\u00fablicas y por fomentar los planes privados de pensiones\u201d.<\/p>\n<p>A su juicio, \u201cRajoy, con su mala praxis, se est\u00e1 ensa\u00f1ando con unos pensionistas que contin\u00faan empobreci\u00e9ndose, les siguen recortando las pensiones y adem\u00e1s, les utiliza como reh\u00e9n para que los Presupuestos Generales del Estado puedan salir adelante\u201d.<\/p>\n<p>Por \u00faltimo, Noelia Cobo espera que la manifestaci\u00f3n sea \u201cmultitudinaria\u201d y anima a todos los c\u00e1ntabros y c\u00e1ntabras a que \u201cparticipen en estas movilizaci\u00f3n y se sumen a la lucha de una causa que ahora o en el futuro, nos afecta a todos y a todas\u201d. <\/p>\n","protected":false},"excerpt":{"rendered":"<p>La\u00a0secretaria de Organizaci\u00f3n del PSOE de Cantabria, Noelia Cobo, asegura que \u201clos socialistas de Cantabria saldremos a las calles a manifestarnos con los pensionistas, para reivindicar al Gobierno central unas pensiones dignas, la revalorizaci\u00f3n de las pensiones conforme al IPC y la defensa del sistema p\u00fablico de pensiones\u201d. El PSOE de Cantabria se sumar\u00e1 a [&hellip;]<\/p>\n","protected":false},"author":2,"featured_media":1102,"comment_status":"open","ping_status":"open","sticky":false,"template":"","format":"standard","meta":{"tdm_status":"","tdm_grid_status":"","footnotes":""},"categories":[24],"tags":[],"class_list":["post-1436","post","type-post","status-publish","format-standard","has-post-thumbnail","hentry","category-partido"],"_links":{"self":[{"href":"https:\/\/www.psc-psoe.es\/index.php\/wp-json\/wp\/v2\/posts\/1436","targetHints":{"allow":["GET"]}}],"collection":[{"href":"https:\/\/www.psc-psoe.es\/index.php\/wp-json\/wp\/v2\/posts"}],"about":[{"href":"https:\/\/www.psc-psoe.es\/index.php\/wp-json\/wp\/v2\/types\/post"}],"author":[{"embeddable":true,"href":"https:\/\/www.psc-psoe.es\/index.php\/wp-json\/wp\/v2\/users\/2"}],"replies":[{"embeddable":true,"href":"https:\/\/www.psc-psoe.es\/index.php\/wp-json\/wp\/v2\/comments?post=1436"}],"version-history":[{"count":0,"href":"https:\/\/www.psc-psoe.es\/index.php\/wp-json\/wp\/v2\/posts\/1436\/revisions"}],"wp:featuredmedia":[{"embeddable":true,"href":"https:\/\/www.psc-psoe.es\/index.php\/wp-json\/wp\/v2\/media\/1102"}],"wp:attachment":[{"href":"https:\/\/www.psc-psoe.es\/index.php\/wp-json\/wp\/v2\/media?parent=1436"}],"wp:term":[{"taxonomy":"category","embeddable":true,"href":"https:\/\/www.psc-psoe.es\/index.php\/wp-json\/wp\/v2\/categories?post=1436"},{"taxonomy":"post_tag","embeddable":true,"href":"https:\/\/www.psc-psoe.es\/index.php\/wp-json\/wp\/v2\/tags?post=1436"}],"curies":[{"name":"wp","href":"https:\/\/api.w.org\/{rel}","templated":true}]}}