{"id":1433,"date":"2018-03-16T17:29:49","date_gmt":"2018-03-16T16:29:49","guid":{"rendered":"http:\/\/psc-psoe.es\/?p=1433"},"modified":"2019-02-19T13:20:06","modified_gmt":"2019-02-19T12:20:06","slug":"pedro-casares-debate-sobre-la-mejora-del-bienestar-de-la-ciudadania-con-el-uso-de-herramientas-digitales","status":"publish","type":"post","link":"https:\/\/www.psc-psoe.es\/index.php\/2018\/03\/16\/pedro-casares-debate-sobre-la-mejora-del-bienestar-de-la-ciudadania-con-el-uso-de-herramientas-digitales\/","title":{"rendered":"Pedro Casares debate sobre la mejora del bienestar de la ciudadan\u00eda con el uso de herramientas digitales"},"content":{"rendered":"<p>El secretario general del PSOE de Santander, Pedro Casares, ha participado hoy en la Escuela de Buen Gobierno que el PSOE est\u00e1 celebrando entre el 15 y 18 de marzo en Madrid \u201cpara analizar, debatir, compartir experiencias y formar a los cargos p\u00fablicos y org\u00e1nicos y a la militancia del PSOE\u201d.<\/p>\n<p>Casares, como secretario de Infraestructuras y Transportes de la Ejecutiva Federal, liderada por Pedro S\u00e1nchez, ha sido el encargado de moderar un taller sobre \u201cherramientas digitales de gobierno\u201d, donde ha defendido \u201cque el uso de las nuevas tecnolog\u00edas no sirve de nada si no repercute en la mejora de la calidad de vida de la ciudadan\u00eda\u201d.<\/p>\n<p>\u201cSolo podemos ser \u00fatiles a la sociedad cuando conseguimos que los instrumentos y las herramientas que se van desarrollando tienen como finalidad mejorar la vida de la gente\u201d ha destacado el responsable de Infraestructuras y Transportes del PSOE.<\/p>\n<p>En esta mesa redonda \u201ccon expertos de la sociedad civil y responsables p\u00fablicos\u201d, el dirigente socialista ha puesto en valor a las administraciones locales y auton\u00f3micas \u201cque ponen el avance y el progreso que ofrecen hoy la digitalizaci\u00f3n y las nuevas tecnolog\u00edas al servicio de las personas\u201d.<\/p>\n<p>Han participado en el debate Yolanda Quintana, secretaria general de la Plataforma en Defensa de la Libertad de Informaci\u00f3n; Nagore de los R\u00edos, fundadora de la primera plataforma de Gobierno Abierto de habla hispana, Carlos Totorika, alcalde de Ermua; Esther Clavero, alcaldesa de Molina de Segura; Jes\u00fas Mar\u00eda Rodr\u00edguez, alcalde de Ribaforada y la eurodiputada Inmaculada Rodr\u00edguez Pi\u00f1eiro.<\/p>\n<p><strong>Ejemplo de Santander<\/strong><\/p>\n<p>Para el responsable federal socialista, \u201cdebemos poner toda la capacidad de trabajo de las administraciones en favorecer el desarrollo digital porque favorecer\u00e1 el desarrollo econ\u00f3mico y social de nuestros municipios&#8221;.<\/p>\n<p>En este sentido, Casares ha asegurado que Santander necesita \u201cun mayor impulso\u201d para desarrollar \u201ctoda la tecnolog\u00eda implantada\u201d. \u201cSantander no ser\u00e1 una verdadera smart city hasta que la tecnolog\u00eda mejore decididamente los servicios p\u00fablicos y el d\u00eda a d\u00eda de la gente\u201d.<\/p>\n<p>De esta forma, el l\u00edder socialista ha recordado que Santander \u201choy por hoy\u201d no ha logrado utilizar las nuevas tecnolog\u00edas para favorecer la transparencia real o la participaci\u00f3n y colaboraci\u00f3n activa de la ciudadan\u00eda en la gesti\u00f3n de lo p\u00fablico o para fortalecer la asistencia social&#8221;.<\/p>\n<p>\u201cActualmente disponemos de tecnolog\u00edas avanzadas para establecer sensores en contenedores de basura, en farolas o sem\u00e1foros, en el riego de parques y jardines pero a\u00fan no se ha desarrollado y por tanto, no est\u00e1 dando un servicio integral a los ciudadanos\u201d.<\/p>\n<p>Ha recordado que \u201cqueda mucho camino por recorrer\u201d en Santander para que todos los tr\u00e1mites municipales puedan hacerse desde un ordenador o tel\u00e9fono m\u00f3vil\u201d, explica.<\/p>\n<p>Por \u00faltimo, Pedro Casares ha destacado que el PSOE abanderar\u00e1 una estrategia pol\u00edtica para que la transformaci\u00f3n digital de las administraciones p\u00fablicas sea una realidad en los pr\u00f3ximos cuatro a\u00f1os\u201d. <\/p>\n","protected":false},"excerpt":{"rendered":"<p>El secretario general del PSOE de Santander, Pedro Casares, ha participado hoy en la Escuela de Buen Gobierno que el PSOE est\u00e1 celebrando entre el 15 y 18 de marzo en Madrid \u201cpara analizar, debatir, compartir experiencias y formar a los cargos p\u00fablicos y org\u00e1nicos y a la militancia del PSOE\u201d. Casares, como secretario de [&hellip;]<\/p>\n","protected":false},"author":2,"featured_media":1434,"comment_status":"open","ping_status":"open","sticky":false,"template":"","format":"standard","meta":{"tdm_status":"","tdm_grid_status":"","footnotes":""},"categories":[20,16],"tags":[],"class_list":["post-1433","post","type-post","status-publish","format-standard","has-post-thumbnail","hentry","category-santander","category-noticias-santander"],"_links":{"self":[{"href":"https:\/\/www.psc-psoe.es\/index.php\/wp-json\/wp\/v2\/posts\/1433","targetHints":{"allow":["GET"]}}],"collection":[{"href":"https:\/\/www.psc-psoe.es\/index.php\/wp-json\/wp\/v2\/posts"}],"about":[{"href":"https:\/\/www.psc-psoe.es\/index.php\/wp-json\/wp\/v2\/types\/post"}],"author":[{"embeddable":true,"href":"https:\/\/www.psc-psoe.es\/index.php\/wp-json\/wp\/v2\/users\/2"}],"replies":[{"embeddable":true,"href":"https:\/\/www.psc-psoe.es\/index.php\/wp-json\/wp\/v2\/comments?post=1433"}],"version-history":[{"count":0,"href":"https:\/\/www.psc-psoe.es\/index.php\/wp-json\/wp\/v2\/posts\/1433\/revisions"}],"wp:featuredmedia":[{"embeddable":true,"href":"https:\/\/www.psc-psoe.es\/index.php\/wp-json\/wp\/v2\/media\/1434"}],"wp:attachment":[{"href":"https:\/\/www.psc-psoe.es\/index.php\/wp-json\/wp\/v2\/media?parent=1433"}],"wp:term":[{"taxonomy":"category","embeddable":true,"href":"https:\/\/www.psc-psoe.es\/index.php\/wp-json\/wp\/v2\/categories?post=1433"},{"taxonomy":"post_tag","embeddable":true,"href":"https:\/\/www.psc-psoe.es\/index.php\/wp-json\/wp\/v2\/tags?post=1433"}],"curies":[{"name":"wp","href":"https:\/\/api.w.org\/{rel}","templated":true}]}}