{"id":1426,"date":"2018-03-14T15:25:22","date_gmt":"2018-03-14T14:25:22","guid":{"rendered":"http:\/\/psc-psoe.es\/?p=1426"},"modified":"2019-02-19T13:20:20","modified_gmt":"2019-02-19T12:20:20","slug":"el-psoe-considera-que-las-responsabilidades-politicas-no-se-depuran-con-un-informe-municipal","status":"publish","type":"post","link":"https:\/\/www.psc-psoe.es\/index.php\/2018\/03\/14\/el-psoe-considera-que-las-responsabilidades-politicas-no-se-depuran-con-un-informe-municipal\/","title":{"rendered":"El PSOE considera que las responsabilidades pol\u00edticas no se depuran con un informe municipal"},"content":{"rendered":"<p>El secretario general y portavoz municipal del PSOE, Pedro Casares, considera que las responsabilidades pol\u00edticas en el derrumbe de un edificio en la calle del Sol \u201cno se depuran\u201d con un informe municipal.<\/p>\n<p>Casares asegura que \u201cindependientemente\u201d de las responsabilidades y las sanciones que se han estipulado por exceso de obra al promotor, al director de los trabajos y al contratista, \u201cqueda por dilucidar qu\u00e9 responsabilidad pol\u00edtica hay tras este desprop\u00f3sito de obra\u201d.<\/p>\n<p>Para el l\u00edder socialista, \u201ces evidente como se entend\u00eda desde el principio, que el desplome del edificio respond\u00eda a las obras que se estaban realizando y que adem\u00e1s superaban los l\u00edmites permitidos en las licencias\u201d. Sin embargo, la pregunta \u201cque sigue en el aire\u201d es \u00bfpor qu\u00e9 se concedieron licencias expr\u00e9s para realizar estas obras y quien sino el concejal del \u00e1rea las autorizo?.<\/p>\n<p>\u201cLo sucedido es un c\u00famulo de desprop\u00f3sitos, donde ha existido dejaci\u00f3n de funciones y una aparente negligencia pol\u00edtica, adem\u00e1s de un posible trato de favor, y eso no lo refleja el expediente iniciado por el propio Ayuntamiento de Santander\u201d explica el l\u00edder socialista<br \/>\nLicencias expr\u00e9s<\/p>\n<p>En este sentido, el portavoz socialista recuerda que la primera licencia de obra menor pedida en abril se concedi\u00f3 en ocho d\u00edas y la segunda licencia de obra menor, en mayo, se present\u00f3 un viernes a las 13.25 horas, se firm\u00f3 en una hora y se concedi\u00f3 el mismo lunes. As\u00ed, se\u00f1ala que el tiempo medio para conceder una licencia de obra menor en el Ayuntamiento de Santander es de un mes.<\/p>\n<p>Respecto a la licencia de obra mayor, se solicit\u00f3 el 12 de junio y el 23 de junio ya la hab\u00eda firmado el concejal. El plazo medio es de cuatro a seis meses para concederse.<br \/>\nAdem\u00e1s, Casares subraya que el 15 de junio de 2017 se orden\u00f3 paralizar las obras pero no fue hasta el 21 de junio cuando el concejal firm\u00f3 la orden, lo que se comunic\u00f3 a la Polic\u00eda Local el 26 y un d\u00eda despu\u00e9s acude al local. \u201cUn tiempo en el que casualmente se obtiene la licencia de obra\u201d explica.<br \/>\nPor otra parte, el l\u00edder socialista explica que el 28 de junio el concejal firm\u00f3 el archivo del expediente de delito urban\u00edstico&#8221;, a lo que se suman los 13 d\u00edas &#8220;en que el Ayuntamiento no hizo nada&#8221; desde la entrega del informe pericial advirtiendo del riesgo de que las obras hubieran afectado a la estructura.<\/p>\n<p><strong>Conocimiento del expediente sancionador<\/strong><\/p>\n<p>Por \u00faltimo, Pedro Casares critica que el expediente sancionador hecho p\u00fablico ayer por diversos medios de comunicaci\u00f3n no ha sido remitido a los grupos municipales de la oposici\u00f3n y \u201csiguen existiendo demasiadas dudas sobre la gesti\u00f3n del concejal de Urbanismo Cesar D\u00edaz\u201d.<\/p>\n<p>En este sentido, el portavoz del PSOE destaca que una vez m\u00e1s los grupos municipales de la oposici\u00f3n conocen \u201cuna informaci\u00f3n que sale de este Ayuntamiento por la prensa en vez de por el equipo de gobierno que deber\u00eda haber trasladado la informaci\u00f3n para conocimiento y estudio a todos los grupos\u201d.<\/p>\n<p>\u201cEl Partido Popular vuelve a hacer gala de su utilizaci\u00f3n partidista de las instituciones y la ausencia de respeto hacia los concejales de la oposici\u00f3n\u201d concluye el edil. <\/p>\n","protected":false},"excerpt":{"rendered":"<p>El secretario general y portavoz municipal del PSOE, Pedro Casares, considera que las responsabilidades pol\u00edticas en el derrumbe de un edificio en la calle del Sol \u201cno se depuran\u201d con un informe municipal. Casares asegura que \u201cindependientemente\u201d de las responsabilidades y las sanciones que se han estipulado por exceso de obra al promotor, al director [&hellip;]<\/p>\n","protected":false},"author":2,"featured_media":1337,"comment_status":"open","ping_status":"open","sticky":false,"template":"","format":"standard","meta":{"tdm_status":"","tdm_grid_status":"","footnotes":""},"categories":[20,16],"tags":[],"class_list":["post-1426","post","type-post","status-publish","format-standard","has-post-thumbnail","hentry","category-santander","category-noticias-santander"],"_links":{"self":[{"href":"https:\/\/www.psc-psoe.es\/index.php\/wp-json\/wp\/v2\/posts\/1426","targetHints":{"allow":["GET"]}}],"collection":[{"href":"https:\/\/www.psc-psoe.es\/index.php\/wp-json\/wp\/v2\/posts"}],"about":[{"href":"https:\/\/www.psc-psoe.es\/index.php\/wp-json\/wp\/v2\/types\/post"}],"author":[{"embeddable":true,"href":"https:\/\/www.psc-psoe.es\/index.php\/wp-json\/wp\/v2\/users\/2"}],"replies":[{"embeddable":true,"href":"https:\/\/www.psc-psoe.es\/index.php\/wp-json\/wp\/v2\/comments?post=1426"}],"version-history":[{"count":0,"href":"https:\/\/www.psc-psoe.es\/index.php\/wp-json\/wp\/v2\/posts\/1426\/revisions"}],"wp:featuredmedia":[{"embeddable":true,"href":"https:\/\/www.psc-psoe.es\/index.php\/wp-json\/wp\/v2\/media\/1337"}],"wp:attachment":[{"href":"https:\/\/www.psc-psoe.es\/index.php\/wp-json\/wp\/v2\/media?parent=1426"}],"wp:term":[{"taxonomy":"category","embeddable":true,"href":"https:\/\/www.psc-psoe.es\/index.php\/wp-json\/wp\/v2\/categories?post=1426"},{"taxonomy":"post_tag","embeddable":true,"href":"https:\/\/www.psc-psoe.es\/index.php\/wp-json\/wp\/v2\/tags?post=1426"}],"curies":[{"name":"wp","href":"https:\/\/api.w.org\/{rel}","templated":true}]}}