{"id":1417,"date":"2018-03-12T17:20:55","date_gmt":"2018-03-12T16:20:55","guid":{"rendered":"http:\/\/psc-psoe.es\/?p=1417"},"modified":"2019-01-03T17:22:19","modified_gmt":"2019-01-03T16:22:19","slug":"el-psoe-de-torrelavega-acoge-una-charla-sobre-las-pensiones","status":"publish","type":"post","link":"https:\/\/www.psc-psoe.es\/index.php\/2018\/03\/12\/el-psoe-de-torrelavega-acoge-una-charla-sobre-las-pensiones\/","title":{"rendered":"El PSOE de Torrelavega acoge una charla sobre las pensiones"},"content":{"rendered":"<p>La charla se enmarca dentro de las actuales movilizaciones en defensa de unas pensiones dignas que est\u00e1n teniendo lugar en todo el pa\u00eds, impulsadas por los pensionistas y en contra de las pol\u00edticas econ\u00f3micas del PP.<\/p>\n<p>Adem\u00e1s, sirve como pre\u00e1mbulo para la concentraci\u00f3n en defensa de las pensiones que tendr\u00e1 lugar el jueves 15 de marzo a las 12.00 horas en la plaza Baldomero Iglesias de Torrelavega y el 17 en Santander.<\/p>\n<p>El Secretario General del PSOE de Torrelavega, Bernardo Bustillo, anima a asistir a la charla y a la concentraci\u00f3n, y a \u201ccontinuar\u201d con las \u201cmultitudinarias movilizaciones\u201d que ya se vieron el pasado 8 de marzo durante el D\u00eda Internacional de la Mujer.<\/p>\n<p>Ahora, afirma Bustillo, \u201ctoca salir a la calle en defensa de unas pensiones dignas\u201d y en protesta por unas subidas \u201crid\u00edculas\u201d frente a un PP que \u201cgobierna contra el pueblo y tambi\u00e9n contra los pensionistas que han estado cotizando toda su vida\u201d.<\/p>\n<p>Bustillo, a\u00f1ade que \u201cla \u00fanica forma\u201d de recuperar el poder adquisitivo \u201cdestruido por el PP\u201d es \u201cconfiar en el PSOE\u201d, un \u201cpartido de estado y que gobierna por y para la gente\u201d, sentencia. <\/p>\n","protected":false},"excerpt":{"rendered":"<p>La charla se enmarca dentro de las actuales movilizaciones en defensa de unas pensiones dignas que est\u00e1n teniendo lugar en todo el pa\u00eds, impulsadas por los pensionistas y en contra de las pol\u00edticas econ\u00f3micas del PP. Adem\u00e1s, sirve como pre\u00e1mbulo para la concentraci\u00f3n en defensa de las pensiones que tendr\u00e1 lugar el jueves 15 de [&hellip;]<\/p>\n","protected":false},"author":2,"featured_media":1418,"comment_status":"open","ping_status":"open","sticky":false,"template":"","format":"standard","meta":{"tdm_status":"","tdm_grid_status":"","footnotes":""},"categories":[21],"tags":[],"class_list":["post-1417","post","type-post","status-publish","format-standard","has-post-thumbnail","hentry","category-torrelavega"],"_links":{"self":[{"href":"https:\/\/www.psc-psoe.es\/index.php\/wp-json\/wp\/v2\/posts\/1417","targetHints":{"allow":["GET"]}}],"collection":[{"href":"https:\/\/www.psc-psoe.es\/index.php\/wp-json\/wp\/v2\/posts"}],"about":[{"href":"https:\/\/www.psc-psoe.es\/index.php\/wp-json\/wp\/v2\/types\/post"}],"author":[{"embeddable":true,"href":"https:\/\/www.psc-psoe.es\/index.php\/wp-json\/wp\/v2\/users\/2"}],"replies":[{"embeddable":true,"href":"https:\/\/www.psc-psoe.es\/index.php\/wp-json\/wp\/v2\/comments?post=1417"}],"version-history":[{"count":0,"href":"https:\/\/www.psc-psoe.es\/index.php\/wp-json\/wp\/v2\/posts\/1417\/revisions"}],"wp:featuredmedia":[{"embeddable":true,"href":"https:\/\/www.psc-psoe.es\/index.php\/wp-json\/wp\/v2\/media\/1418"}],"wp:attachment":[{"href":"https:\/\/www.psc-psoe.es\/index.php\/wp-json\/wp\/v2\/media?parent=1417"}],"wp:term":[{"taxonomy":"category","embeddable":true,"href":"https:\/\/www.psc-psoe.es\/index.php\/wp-json\/wp\/v2\/categories?post=1417"},{"taxonomy":"post_tag","embeddable":true,"href":"https:\/\/www.psc-psoe.es\/index.php\/wp-json\/wp\/v2\/tags?post=1417"}],"curies":[{"name":"wp","href":"https:\/\/api.w.org\/{rel}","templated":true}]}}