{"id":1406,"date":"2018-03-08T17:13:34","date_gmt":"2018-03-08T16:13:34","guid":{"rendered":"http:\/\/psc-psoe.es\/?p=1406"},"modified":"2019-02-19T13:20:26","modified_gmt":"2019-02-19T12:20:26","slug":"el-psoe-saldra-a-las-calles-de-santander-a-reclamar-la-igualdad-real-de-mujeres-y-hombres-2","status":"publish","type":"post","link":"https:\/\/www.psc-psoe.es\/index.php\/2018\/03\/08\/el-psoe-saldra-a-las-calles-de-santander-a-reclamar-la-igualdad-real-de-mujeres-y-hombres-2\/","title":{"rendered":"El PSOE saldr\u00e1 a las calles de Santander a reclamar la igualdad real de mujeres y hombres"},"content":{"rendered":"<p>El secretario general y portavoz municipal en el Ayuntamiento de Santander, Pedro Casares, asegura que &#8220;la lucha en defensa de una sociedad igualitaria&#8221; no se detendr\u00e1 hasta lograrla.<\/p>\n<p>Casares valora el \u00e9xito &#8220;rotundo&#8221; de la manifestaci\u00f3n del 8 de marzo, D\u00eda Internacional de la Mujer, en Santander &#8220;que ha congregado a m\u00e1s de 22.000 personas&#8221; que son la evidencia de que &#8220;la fuerza de la unidad de las mujeres es imparable&#8221;.<\/p>\n<p>\u201cLas mujeres no est\u00e1n solas en el largo camino de la igualdad. Esa mitad del mundo que representan las mujeres tienen que alcanzar los mismos derechos y las mismas oportunidades, por eso tenemos que parar, para visualizar la brecha salarial, la desigualdad laboral y todas las diferencias que todav\u00eda persisten en el mundo de la empresa, de la pol\u00edtica o de la vida personal y familiar\u201d subraya el l\u00edder socialista, que destaca que hoy se ha demostrado &#8220;m\u00e1s que nunca&#8221;. <\/p>\n","protected":false},"excerpt":{"rendered":"<p>El secretario general y portavoz municipal en el Ayuntamiento de Santander, Pedro Casares, asegura que &#8220;la lucha en defensa de una sociedad igualitaria&#8221; no se detendr\u00e1 hasta lograrla. Casares valora el \u00e9xito &#8220;rotundo&#8221; de la manifestaci\u00f3n del 8 de marzo, D\u00eda Internacional de la Mujer, en Santander &#8220;que ha congregado a m\u00e1s de 22.000 personas&#8221; [&hellip;]<\/p>\n","protected":false},"author":2,"featured_media":1407,"comment_status":"open","ping_status":"open","sticky":false,"template":"","format":"standard","meta":{"tdm_status":"","tdm_grid_status":"","footnotes":""},"categories":[20,16],"tags":[],"class_list":["post-1406","post","type-post","status-publish","format-standard","has-post-thumbnail","hentry","category-santander","category-noticias-santander"],"_links":{"self":[{"href":"https:\/\/www.psc-psoe.es\/index.php\/wp-json\/wp\/v2\/posts\/1406","targetHints":{"allow":["GET"]}}],"collection":[{"href":"https:\/\/www.psc-psoe.es\/index.php\/wp-json\/wp\/v2\/posts"}],"about":[{"href":"https:\/\/www.psc-psoe.es\/index.php\/wp-json\/wp\/v2\/types\/post"}],"author":[{"embeddable":true,"href":"https:\/\/www.psc-psoe.es\/index.php\/wp-json\/wp\/v2\/users\/2"}],"replies":[{"embeddable":true,"href":"https:\/\/www.psc-psoe.es\/index.php\/wp-json\/wp\/v2\/comments?post=1406"}],"version-history":[{"count":0,"href":"https:\/\/www.psc-psoe.es\/index.php\/wp-json\/wp\/v2\/posts\/1406\/revisions"}],"wp:featuredmedia":[{"embeddable":true,"href":"https:\/\/www.psc-psoe.es\/index.php\/wp-json\/wp\/v2\/media\/1407"}],"wp:attachment":[{"href":"https:\/\/www.psc-psoe.es\/index.php\/wp-json\/wp\/v2\/media?parent=1406"}],"wp:term":[{"taxonomy":"category","embeddable":true,"href":"https:\/\/www.psc-psoe.es\/index.php\/wp-json\/wp\/v2\/categories?post=1406"},{"taxonomy":"post_tag","embeddable":true,"href":"https:\/\/www.psc-psoe.es\/index.php\/wp-json\/wp\/v2\/tags?post=1406"}],"curies":[{"name":"wp","href":"https:\/\/api.w.org\/{rel}","templated":true}]}}