{"id":1400,"date":"2018-02-07T14:51:30","date_gmt":"2018-02-07T13:51:30","guid":{"rendered":"http:\/\/psc-psoe.es\/?p=1400"},"modified":"2019-02-19T13:27:25","modified_gmt":"2019-02-19T12:27:25","slug":"el-psoe-saldra-a-las-calles-de-santander-a-reclamar-la-igualdad-real-de-mujeres-y-hombres","status":"publish","type":"post","link":"https:\/\/www.psc-psoe.es\/index.php\/2018\/02\/07\/el-psoe-saldra-a-las-calles-de-santander-a-reclamar-la-igualdad-real-de-mujeres-y-hombres\/","title":{"rendered":"El PSOE saldr\u00e1 a las calles de Santander a reclamar la igualdad real de mujeres y hombres"},"content":{"rendered":"<p>El secretario general y portavoz municipal en el Ayuntamiento de Santander, Pedro Casares, asegura que los socialistas santanderinos \u201csaldr\u00e1n a las calles de Santander a reclamar la igualdad real entre hombres y mujeres\u201d.<\/p>\n<p>Casares pide a los santanderinos que ma\u00f1ana, 8 de marzo, con ocasi\u00f3n de la celebraci\u00f3n del D\u00eda Internacional de la Mujer, \u201cse movilicen y paren para cambiar una situaci\u00f3n de discriminaci\u00f3n y desigualdad\u201d.<\/p>\n<p>En la reuni\u00f3n de la Comisi\u00f3n Ejecutiva Municipal, el l\u00edder socialista ha denunciado que \u201cen nuestro pa\u00eds la brecha salarial se sit\u00fae en torno al 23% y que el 75% de los contratos parciales sean para las mujeres y nadie haga nada para combatir esta desigualdad que conduce a las mujeres a la precariedad\u201d.<\/p>\n<p><strong>Huelga feminista<\/strong><\/p>\n<p>\u201cLas mujeres no est\u00e1n solas en el largo camino de la igualdad. Esa mitad del mundo que representan las mujeres tienen que alcanzar los mismos derechos y las mismas oportunidades, por eso tenemos que parar, para visualizar la brecha salarial, la desigualdad laboral y todas las diferencias que todav\u00eda persisten en el mundo de la empresa, de la pol\u00edtica o de la vida personal y familiar\u201d subraya el l\u00edder socialista.<\/p>\n<p>Por ello, Casares encabezar\u00e1 una delegaci\u00f3n de socialistas santanderinos que participar\u00e1n en la manifestaci\u00f3n. \u201cEste 8 de marzo, los socialistas estaremos, como siempre, pero con m\u00e1s fuerza que nunca, acompa\u00f1ando a las organizaciones feministas en la marcha en defensa de los derechos y la libertad de las mujeres que se celebrar\u00e1 en Santander\u201d destaca.<\/p>\n<p><strong>Compromiso contra la violencia de g\u00e9nero<\/strong><\/p>\n<p>Por otra parte, para el portavoz del PSOE, a\u00fan nos queda mucho por avanzar, para erradicar el machismo que sigue reproduciendo una estructura social desigual. \u201cLos avances son insuficientes mientras exista una sola mujer asesinada, violada, explotada sexualmente, maltratada, acosada, o simplemente discriminada en cualquier \u00e1mbito de la vida por el hecho de ser mujer\u201d, asegura.<\/p>\n<p>Por \u00faltimo, Pedro Casares ha recordado que el PSOE seguir\u00e1 trabajando por defender la paridad, por la corresponsabilidad, por eliminar la brecha salarial, por defender los derechos sexuales y reproductivos y especialmente, por el derecho de las mujeres a una vida libre de violencia \u201chasta que se consiga una sociedad plenamente igualitaria\u201d. <\/p>\n","protected":false},"excerpt":{"rendered":"<p>El secretario general y portavoz municipal en el Ayuntamiento de Santander, Pedro Casares, asegura que los socialistas santanderinos \u201csaldr\u00e1n a las calles de Santander a reclamar la igualdad real entre hombres y mujeres\u201d. Casares pide a los santanderinos que ma\u00f1ana, 8 de marzo, con ocasi\u00f3n de la celebraci\u00f3n del D\u00eda Internacional de la Mujer, \u201cse [&hellip;]<\/p>\n","protected":false},"author":2,"featured_media":1401,"comment_status":"open","ping_status":"open","sticky":false,"template":"","format":"standard","meta":{"tdm_status":"","tdm_grid_status":"","footnotes":""},"categories":[20,16],"tags":[],"class_list":["post-1400","post","type-post","status-publish","format-standard","has-post-thumbnail","hentry","category-santander","category-noticias-santander"],"_links":{"self":[{"href":"https:\/\/www.psc-psoe.es\/index.php\/wp-json\/wp\/v2\/posts\/1400","targetHints":{"allow":["GET"]}}],"collection":[{"href":"https:\/\/www.psc-psoe.es\/index.php\/wp-json\/wp\/v2\/posts"}],"about":[{"href":"https:\/\/www.psc-psoe.es\/index.php\/wp-json\/wp\/v2\/types\/post"}],"author":[{"embeddable":true,"href":"https:\/\/www.psc-psoe.es\/index.php\/wp-json\/wp\/v2\/users\/2"}],"replies":[{"embeddable":true,"href":"https:\/\/www.psc-psoe.es\/index.php\/wp-json\/wp\/v2\/comments?post=1400"}],"version-history":[{"count":0,"href":"https:\/\/www.psc-psoe.es\/index.php\/wp-json\/wp\/v2\/posts\/1400\/revisions"}],"wp:featuredmedia":[{"embeddable":true,"href":"https:\/\/www.psc-psoe.es\/index.php\/wp-json\/wp\/v2\/media\/1401"}],"wp:attachment":[{"href":"https:\/\/www.psc-psoe.es\/index.php\/wp-json\/wp\/v2\/media?parent=1400"}],"wp:term":[{"taxonomy":"category","embeddable":true,"href":"https:\/\/www.psc-psoe.es\/index.php\/wp-json\/wp\/v2\/categories?post=1400"},{"taxonomy":"post_tag","embeddable":true,"href":"https:\/\/www.psc-psoe.es\/index.php\/wp-json\/wp\/v2\/tags?post=1400"}],"curies":[{"name":"wp","href":"https:\/\/api.w.org\/{rel}","templated":true}]}}