{"id":1383,"date":"2018-03-02T14:42:12","date_gmt":"2018-03-02T13:42:12","guid":{"rendered":"http:\/\/psc-psoe.es\/?p=1383"},"modified":"2019-02-19T13:21:57","modified_gmt":"2019-02-19T12:21:57","slug":"el-psoe-pide-a-gema-igual-que-busque-la-verdad-sobre-el-incendio-del-mas","status":"publish","type":"post","link":"https:\/\/www.psc-psoe.es\/index.php\/2018\/03\/02\/el-psoe-pide-a-gema-igual-que-busque-la-verdad-sobre-el-incendio-del-mas\/","title":{"rendered":"El PSOE pide a Gema Igual que busque la verdad sobre el incendio del MAS"},"content":{"rendered":"<p class=\"m_-1342463337047575891gmail-m-2768253029671462617s12\">El secretario de Organizaci\u00f3n y portavoz adjunto del PSOE en el Ayuntamiento de Santander, Daniel Fern\u00e1ndez pide a la alcaldesa de Santander, Gema Igual, que busque la verdad sobre el incendio del Museo de Arte Moderno y Contempor\u00e1neo (MAS).<\/p>\n<p class=\"m_-1342463337047575891gmail-m-2768253029671462617s12\">Fern\u00e1ndez recuerda a Igual que \u201cen vez de buscar sugerencias para el renacer del MAS, deber\u00edan estar buscando la verdad sobre las causas del incendio y depurar las responsabilidades por la gesti\u00f3n posterior\u201d.<\/p>\n<p class=\"m_-1342463337047575891gmail-m-2768253029671462617s12\">El concejal socialista responde as\u00ed a las declaraciones de la edil esta ma\u00f1ana, que ha afirmado que est\u00e1 abierta &#8220;a cualquier sugerencia&#8221; sobre el museo\u00a0 \u201csiempre que sirva para que renazca con mayor fuerza\u201d tras el incendio del pasado 20 de noviembre.<\/p>\n<p class=\"m_-1342463337047575891gmail-m-2768253029671462617s12\">\u201cDesde que se produjo el incendio solo ha habido desinformaci\u00f3n, ausencia de respuesta y dejaci\u00f3n de funciones\u201d ha denunciado Fern\u00e1ndez.<\/p>\n<p class=\"m_-1342463337047575891gmail-m-2768253029671462617s12\">Para el dirigente, \u201ces vergonzoso ver con que ausencia de pudor el Partido Popular habla de un museo que cinco meses despu\u00e9s del incendio sigue sin saberse absolutamente nada de porque se produjo y lo que es m\u00e1s importante, que fall\u00f3 para que no saltar\u00e1n las alarmas y se perdiera todo el valor que se perdi\u00f3\u201d.<\/p>\n<p class=\"m_-1342463337047575891gmail-m-2768253029671462617s12\">En este sentido, el n\u00famero dos socialista ha asegurado \u201cque el renacer del que habla la alcaldesa ser\u00e1 sobre las cenizas de un museo de enorme valor<span lang=\"ES-TRAD\"> patrimonial, en torno a 120 millones de euros, pero sobre todo de un valor sentimental por lo que supone para todos los santanderinos\u201d.<\/span><\/p>\n<p class=\"m_-1342463337047575891gmail-m-2768253029671462617s12\"><span lang=\"ES-TRAD\">Por otra parte, Fern\u00e1ndez ha asegurado que el PSOE va a<\/span> a seguir exigiendo que se depuren responsabilidades \u201cporque si hay una certeza es que ha habido una negligencia y dejaci\u00f3n de funciones en la responsabilidad pol\u00edtica de controlar el estado en el que se estaban realizando las obras\u201d.<\/p>\n<p><span lang=\"ES-TRAD\">Por \u00faltimo, Daniel Fern\u00e1ndez ha recordado que el 13 de febrero el equipo de gobierno del PP present\u00f3 la comisi\u00f3n que hab\u00edamos solicitado desde la oposici\u00f3n \u201cdescafeinada\u201d porque solo compareci\u00f3 el director del museo, y no comparecieron dos de los tres t\u00e9cnicos \u201cque hab\u00edamos solicitado\u201d ni nadie de las empresas implicadas en el incendio. <\/span>\u201cLo \u00fanico que pudimos saber en esa comisi\u00f3n es que ni siquiera hab\u00eda ni hay inventario de la colecci\u00f3n bibliogr\u00e1fica por la falta de medios t\u00e9cnicos y humanos y adem\u00e1s ya no lo esconden. Es un esc\u00e1ndalo\u201d concluye el concejal socialista. <\/p>\n","protected":false},"excerpt":{"rendered":"<p>El secretario de Organizaci\u00f3n y portavoz adjunto del PSOE en el Ayuntamiento de Santander, Daniel Fern\u00e1ndez pide a la alcaldesa de Santander, Gema Igual, que busque la verdad sobre el incendio del Museo de Arte Moderno y Contempor\u00e1neo (MAS). Fern\u00e1ndez recuerda a Igual que \u201cen vez de buscar sugerencias para el renacer del MAS, deber\u00edan [&hellip;]<\/p>\n","protected":false},"author":2,"featured_media":993,"comment_status":"open","ping_status":"open","sticky":false,"template":"","format":"standard","meta":{"tdm_status":"","tdm_grid_status":"","footnotes":""},"categories":[20,16],"tags":[],"class_list":["post-1383","post","type-post","status-publish","format-standard","has-post-thumbnail","hentry","category-santander","category-noticias-santander"],"_links":{"self":[{"href":"https:\/\/www.psc-psoe.es\/index.php\/wp-json\/wp\/v2\/posts\/1383","targetHints":{"allow":["GET"]}}],"collection":[{"href":"https:\/\/www.psc-psoe.es\/index.php\/wp-json\/wp\/v2\/posts"}],"about":[{"href":"https:\/\/www.psc-psoe.es\/index.php\/wp-json\/wp\/v2\/types\/post"}],"author":[{"embeddable":true,"href":"https:\/\/www.psc-psoe.es\/index.php\/wp-json\/wp\/v2\/users\/2"}],"replies":[{"embeddable":true,"href":"https:\/\/www.psc-psoe.es\/index.php\/wp-json\/wp\/v2\/comments?post=1383"}],"version-history":[{"count":0,"href":"https:\/\/www.psc-psoe.es\/index.php\/wp-json\/wp\/v2\/posts\/1383\/revisions"}],"wp:featuredmedia":[{"embeddable":true,"href":"https:\/\/www.psc-psoe.es\/index.php\/wp-json\/wp\/v2\/media\/993"}],"wp:attachment":[{"href":"https:\/\/www.psc-psoe.es\/index.php\/wp-json\/wp\/v2\/media?parent=1383"}],"wp:term":[{"taxonomy":"category","embeddable":true,"href":"https:\/\/www.psc-psoe.es\/index.php\/wp-json\/wp\/v2\/categories?post=1383"},{"taxonomy":"post_tag","embeddable":true,"href":"https:\/\/www.psc-psoe.es\/index.php\/wp-json\/wp\/v2\/tags?post=1383"}],"curies":[{"name":"wp","href":"https:\/\/api.w.org\/{rel}","templated":true}]}}