{"id":1371,"date":"2018-02-28T14:34:36","date_gmt":"2018-02-28T13:34:36","guid":{"rendered":"http:\/\/psc-psoe.es\/?p=1371"},"modified":"2019-02-19T13:25:07","modified_gmt":"2019-02-19T12:25:07","slug":"el-psoe-preguntara-por-las-medidas-de-comunicacion-de-bomberos-y-policias-en-santander","status":"publish","type":"post","link":"https:\/\/www.psc-psoe.es\/index.php\/2018\/02\/28\/el-psoe-preguntara-por-las-medidas-de-comunicacion-de-bomberos-y-policias-en-santander\/","title":{"rendered":"El PSOE preguntar\u00e1 por las medidas de comunicaci\u00f3n de Bomberos y Polic\u00edas en Santander"},"content":{"rendered":"<p><span lang=\"ES\">El secretario de Organizaci\u00f3n y portavoz adjunto, Daniel Fern\u00e1ndez, en el Ayuntamiento de Santander, preguntar\u00e1 en la pr\u00f3xima reuni\u00f3n de la comisi\u00f3n de Administraci\u00f3n y Participaci\u00f3n Ciudadana por el estado de las medidas de comunicaci\u00f3n de la Polic\u00eda local y bomberos.<\/span><\/p>\n<p><span lang=\"ES\">Fern\u00e1ndez considera que el deficiente funcionamiento de los medios de comunicaci\u00f3n de polic\u00edas y bomberos municipales, implantado por el Ayuntamiento de Santander hace un a\u00f1o y medio, con un coste de 180.000 euros, \u201cno tiene ning\u00fan sentido\u201d como denuncian los propios cuerpos municipales.<\/span><\/p>\n<p><span lang=\"ES\">Para el concejal socialista, la denuncia de <\/span><span lang=\"ES\">la Asociaci\u00f3n de Polic\u00eda Local y Bomberos de Cantabria (APLB) \u201cplantea un grave problema\u201d al que el equipo de gobierno del PP \u201cparece querer hacer o\u00eddos sordos\u201d.<\/span><\/p>\n<p><span lang=\"ES\">\u201cEntre otras cosas, la denuncia desvela que estos fallos plantean riesgos en la seguridad ciudadana, como consecuencia entre otras cosas, de bater\u00edas de los transmisores que no soportan un turno de trabajo intensivo, al ser remplazadas por la empresa suministradora por unas de marca china desconocida y que no por el repuesto original\u201d.<\/span><\/p>\n<p><span lang=\"ES\">Por ello, Fern\u00e1ndez preguntar\u00e1 al equipo de gobierno la raz\u00f3n por la que las emisoras tienen puntos ciegos en varios lugares de la ciudad y si el Partido Popular tiene pensada \u201calguna soluci\u00f3n al respecto\u201d.<\/span><\/p>\n<p><span lang=\"ES\">Asimismo, el n\u00famero dos del PSOE quiere saber si el equipo de gobierno tiene conocimiento de que los equipos port\u00e1tiles suministrados a la red de transmisiones municipales que utilizan los agentes est\u00e1n descatalogados, as\u00ed como si tienen previsto el equipo de gobierno, y en cu\u00e1nto tiempo, solucionar este problema.<\/span><\/p>\n<p><span lang=\"ES\">Por otra parte, el Grupo Municipal Socialista quiere saber cu\u00e1ntos repetidores hay en la ciudad y si no creen que son \u201cinsuficientes\u201d para prestar un servicio normal por parte de la Administraci\u00f3n. As\u00ed como si disponen de las licencias de encriptaci\u00f3n, nivelaci\u00f3n y supresi\u00f3n ac\u00fastica.<\/span><\/p>\n<p><span lang=\"ES\">Por \u00faltimo, Daniel Fernandez quiere saber si los escritos presentados \u201chasta la fecha\u201d \u00a0por la Asociaci\u00f3n de Polic\u00eda Local y Bomberos de Cantabria u otros haciendo menci\u00f3n a estas cuestiones \u201chan recibido o no respuesta por parte del equipo de gobierno\u201d. \u201cSer\u00eda intolerable dado que est\u00e1 en riesgo la seguridad de los santanderinos, que ni siquiera se molesten en contestar\u201d concluye.<\/span> <\/p>\n","protected":false},"excerpt":{"rendered":"<p>El secretario de Organizaci\u00f3n y portavoz adjunto, Daniel Fern\u00e1ndez, en el Ayuntamiento de Santander, preguntar\u00e1 en la pr\u00f3xima reuni\u00f3n de la comisi\u00f3n de Administraci\u00f3n y Participaci\u00f3n Ciudadana por el estado de las medidas de comunicaci\u00f3n de la Polic\u00eda local y bomberos. Fern\u00e1ndez considera que el deficiente funcionamiento de los medios de comunicaci\u00f3n de polic\u00edas y [&hellip;]<\/p>\n","protected":false},"author":2,"featured_media":1037,"comment_status":"open","ping_status":"open","sticky":false,"template":"","format":"standard","meta":{"tdm_status":"","tdm_grid_status":"","footnotes":""},"categories":[20,16],"tags":[],"class_list":["post-1371","post","type-post","status-publish","format-standard","has-post-thumbnail","hentry","category-santander","category-noticias-santander"],"_links":{"self":[{"href":"https:\/\/www.psc-psoe.es\/index.php\/wp-json\/wp\/v2\/posts\/1371","targetHints":{"allow":["GET"]}}],"collection":[{"href":"https:\/\/www.psc-psoe.es\/index.php\/wp-json\/wp\/v2\/posts"}],"about":[{"href":"https:\/\/www.psc-psoe.es\/index.php\/wp-json\/wp\/v2\/types\/post"}],"author":[{"embeddable":true,"href":"https:\/\/www.psc-psoe.es\/index.php\/wp-json\/wp\/v2\/users\/2"}],"replies":[{"embeddable":true,"href":"https:\/\/www.psc-psoe.es\/index.php\/wp-json\/wp\/v2\/comments?post=1371"}],"version-history":[{"count":0,"href":"https:\/\/www.psc-psoe.es\/index.php\/wp-json\/wp\/v2\/posts\/1371\/revisions"}],"wp:featuredmedia":[{"embeddable":true,"href":"https:\/\/www.psc-psoe.es\/index.php\/wp-json\/wp\/v2\/media\/1037"}],"wp:attachment":[{"href":"https:\/\/www.psc-psoe.es\/index.php\/wp-json\/wp\/v2\/media?parent=1371"}],"wp:term":[{"taxonomy":"category","embeddable":true,"href":"https:\/\/www.psc-psoe.es\/index.php\/wp-json\/wp\/v2\/categories?post=1371"},{"taxonomy":"post_tag","embeddable":true,"href":"https:\/\/www.psc-psoe.es\/index.php\/wp-json\/wp\/v2\/tags?post=1371"}],"curies":[{"name":"wp","href":"https:\/\/api.w.org\/{rel}","templated":true}]}}