{"id":137,"date":"2018-11-13T11:36:45","date_gmt":"2018-11-13T10:36:45","guid":{"rendered":"http:\/\/td_uid_79_5beab74d07876"},"modified":"2019-02-19T13:00:16","modified_gmt":"2019-02-19T12:00:16","slug":"show-hn-appsites-beautiful-websites-for-mobile","status":"publish","type":"post","link":"https:\/\/www.psc-psoe.es\/index.php\/2018\/11\/13\/show-hn-appsites-beautiful-websites-for-mobile\/","title":{"rendered":"El PSOE se compromete a estudiar la construcci\u00f3n de una instalaci\u00f3n deportiva cubierta en Nueva Monta\u00f1a"},"content":{"rendered":"<div class=\"td-paragraph-padding-1\">\n<p><strong>Pedro Casares, que ha visitado la zona con la campa\u00f1a de escucha activa con la que est\u00e1 recorriendo todos los barrios, \u201cquiere conocer<span lang=\"ES\">\u00a0las necesidades, las inquietudes y problemas de cada rinc\u00f3n de la ciudad para buscar soluciones para mejorar Santander\u201d<\/span><\/strong><\/p>\n<p>&nbsp;<\/p>\n<\/div>\n<div class=\"td-paragraph-padding-1\">\n<p><span lang=\"ES\">El secretario general del PSOE y portavoz municipal en el ayuntamiento de Santander, Pedro Casares, se ha comprometido a estudiar la construcci\u00f3n de una instalaci\u00f3n deportiva cubierta en Nueva Monta\u00f1a.<\/span><\/p>\n<p><span lang=\"ES\">\u00a0<\/span><\/p>\n<p><span lang=\"ES\">\u201cUna instalaci\u00f3n cubierta que puede dar servicio todo el a\u00f1o a la zona, independientemente de las condiciones clim\u00e1ticas, a las asociaciones, equipos o servir de complemento al colegio p\u00fablico\u201d. \u201cEn una zona que ha crecido mucho en los \u00faltimos a\u00f1os\u201d, afirma Casares.<\/span><\/p>\n<p><span lang=\"ES\">\u00a0<\/span><\/p>\n<p><span lang=\"ES\">El portavoz del PSOE, que ha realizado una visita a Nueva Monta\u00f1a con la campa\u00f1a de escucha activa con la que est\u00e1 recorriendo Santander, ha podido comprobar de la mano de los vecinos algunas de las necesidades de un barrio, \u201cdonde vive mucha gente joven y en la que tambi\u00e9n es necesario invertir para darles m\u00e1s recursos y servicios\u201d.<\/span><\/p>\n<p><span lang=\"ES\">\u00a0<\/span><\/p>\n<p><span lang=\"ES\">\u201cLlevamos toda la legislatura recorriendo los barrios y escuchando a los vecinos y vecinas para conocer las necesidades, las inquietudes y problemas de cada rinc\u00f3n de la ciudad y buscar con ellos soluciones para mejorar Santander\u201d subraya el portavoz del PSOE.<\/span><\/p>\n<p><span lang=\"ES\">\u00a0<\/span><\/p>\n<p><span lang=\"ES\">En Nueva Monta\u00f1a, el edil cree que \u201ces necesario\u201d mejorar el alumbrado de algunos espacios verdes y de zonas de juego infantil, \u201ccomo nos trasladan los vecinos y vecinas\u201d. En esta zona, ha dicho, \u201cvive mucha gente joven con ni\u00f1os y tener espacios comunes bien iluminados mejora la forma de relacionarse en el barrio y da posibilidades a los ni\u00f1os de jugar m\u00e1s tiempo ahora en invierno, por ejemplo, que anoche m\u00e1s pronto\u201d.<\/span><\/p>\n<p><span lang=\"ES\">\u00a0<\/span><\/p>\n<p><span lang=\"ES\">Adem\u00e1s, el l\u00edder socialista cree que hay que mejorar y dotar de m\u00e1s mobiliario urbano, como bancos y papeleras, al barrio, as\u00ed como llevar a cabo de forma paulatina actuaciones de bacheo y reparaciones en diversos tramos de acera.<\/span><\/p>\n<p><span lang=\"ES\">\u00a0<\/span><\/p>\n<p><span lang=\"ES\">\u201cHay que lograr hacer una ciudad plenamente accesible para toda la ciudadan\u00eda, y no limitar en las calles el acceso de personas con movilidad reducida\u201d subraya. A la vez que se\u00f1ala que no solo padres y madres con carrito, sino personas mayores o personas con imposibilidad para moverse de forma aut\u00f3noma \u201cnecesitan calles m\u00e1s f\u00e1ciles y amables para transitar\u201d.<\/span><\/p>\n<p><span lang=\"ES\">\u00a0<\/span><\/p>\n<p><span lang=\"ES\">Por \u00faltimo, Pedro Casares ha agradecido a los miembros de la asociaci\u00f3n de vecinos Virgen del Carmen- Nueva Monta\u00f1a su implicaci\u00f3n en el barrio. \u201cMujeres y hombres j\u00f3venes que empiezan su proyecto de vida en este y en el que se implican para mejorarlo, para ayudar a traer m\u00e1s recursos y servicios, y hacer ciudad, cosa que es de agradecer y valorar\u201d. Una visita, en la que el portavoz socialista tambi\u00e9n ha compartido experiencias y conocido los talleres que se llevan a cabo en el centro c\u00edvico y la realidad de los comercios de la zona.<\/span><\/p>\n<\/div>\n<blockquote>\n<div class=\"td-paragraph-padding-2\"><\/div>\n<\/blockquote>\n<p>&nbsp; <\/p>\n","protected":false},"excerpt":{"rendered":"<p>Pedro Casares, que ha visitado la zona con la campa\u00f1a de escucha activa con la que est\u00e1 recorriendo todos los barrios, \u201cquiere conocer\u00a0las necesidades, las inquietudes y problemas de cada rinc\u00f3n de la ciudad para buscar soluciones para mejorar Santander\u201d &nbsp; El secretario general del PSOE y portavoz municipal en el ayuntamiento de Santander, Pedro [&hellip;]<\/p>\n","protected":false},"author":1,"featured_media":200,"comment_status":"open","ping_status":"open","sticky":false,"template":"","format":"standard","meta":{"tdm_status":"","tdm_grid_status":"","footnotes":""},"categories":[20,16,6],"tags":[30],"class_list":["post-137","post","type-post","status-publish","format-standard","has-post-thumbnail","hentry","category-santander","category-noticias-santander","category-agrupaciones","tag-santander"],"_links":{"self":[{"href":"https:\/\/www.psc-psoe.es\/index.php\/wp-json\/wp\/v2\/posts\/137","targetHints":{"allow":["GET"]}}],"collection":[{"href":"https:\/\/www.psc-psoe.es\/index.php\/wp-json\/wp\/v2\/posts"}],"about":[{"href":"https:\/\/www.psc-psoe.es\/index.php\/wp-json\/wp\/v2\/types\/post"}],"author":[{"embeddable":true,"href":"https:\/\/www.psc-psoe.es\/index.php\/wp-json\/wp\/v2\/users\/1"}],"replies":[{"embeddable":true,"href":"https:\/\/www.psc-psoe.es\/index.php\/wp-json\/wp\/v2\/comments?post=137"}],"version-history":[{"count":0,"href":"https:\/\/www.psc-psoe.es\/index.php\/wp-json\/wp\/v2\/posts\/137\/revisions"}],"wp:featuredmedia":[{"embeddable":true,"href":"https:\/\/www.psc-psoe.es\/index.php\/wp-json\/wp\/v2\/media\/200"}],"wp:attachment":[{"href":"https:\/\/www.psc-psoe.es\/index.php\/wp-json\/wp\/v2\/media?parent=137"}],"wp:term":[{"taxonomy":"category","embeddable":true,"href":"https:\/\/www.psc-psoe.es\/index.php\/wp-json\/wp\/v2\/categories?post=137"},{"taxonomy":"post_tag","embeddable":true,"href":"https:\/\/www.psc-psoe.es\/index.php\/wp-json\/wp\/v2\/tags?post=137"}],"curies":[{"name":"wp","href":"https:\/\/api.w.org\/{rel}","templated":true}]}}