{"id":1365,"date":"2018-02-28T14:27:27","date_gmt":"2018-02-28T13:27:27","guid":{"rendered":"http:\/\/psc-psoe.es\/?p=1365"},"modified":"2019-01-03T14:32:20","modified_gmt":"2019-01-03T13:32:20","slug":"el-psoe-cree-que-la-reinversion-del-superavit-es-imprescindible-para-los-ayuntamientos","status":"publish","type":"post","link":"https:\/\/www.psc-psoe.es\/index.php\/2018\/02\/28\/el-psoe-cree-que-la-reinversion-del-superavit-es-imprescindible-para-los-ayuntamientos\/","title":{"rendered":"El PSOE cree que la reinversi\u00f3n del super\u00e1vit es imprescindible para los ayuntamientos"},"content":{"rendered":"<p><span class=\"Apple-style-span\">El secretario de Pol\u00edtica Municipal y alcalde de Cartes, Agust\u00edn Molleda espera que \u201cel compromiso que ha adquirido el ministro Cristobal Montoro con los ayuntamientos y sus vecinos y vecinas, sea real y se cumpla\u201d.<\/span><\/p>\n<p><span class=\"Apple-style-span\">Molleda, realiza estas declaraciones despu\u00e9s de conocer el acuerdo alcanzado entre la Federaci\u00f3n Espa\u00f1ola de Municipios y Provincias (FEMP) y el Ministerio de Hacienda y Funci\u00f3n P\u00fablica, para que los ayuntamientos puedan reinvertir su super\u00e1vit en inversiones financieramente sostenibles.<\/span><\/p>\n<p><span class=\"Apple-style-span\">\u201cLos alcaldes socialistas fueron los primeros que propusieron la reinversi\u00f3n del super\u00e1vit ante algo que era totalmente injusto para los ayuntamientos cumplidores. Por ello, consideramos que era imprescindible alcanzar este compromiso\u201d, afirma.<\/span><\/p>\n<p><span class=\"Apple-style-span\">De esta manera, \u201cpara que el acuerdo se haga efectivo lo antes posible, exigimos al Gobierno del PP, que en un plazo de 15 d\u00edas, se presente un decreto ley por v\u00eda de urgencia en el Congreso para que los ayuntamientos puedan utilizar sus super\u00e1vits lo antes posible\u201d.<\/span><\/p>\n<p><span class=\"Apple-style-span\">El responsable de pol\u00edtica municipal, asegura que \u201cesta reinversi\u00f3n del super\u00e1vit permitir\u00e1 gastar a los ayuntamientos de Cantabria unos 54 millones de euros en algo tan evidente y que pon\u00eda en duda el ministro Montoro, como es mejorar el bienestar de los c\u00e1ntabros y c\u00e1ntabras\u201d.<\/span><\/p>\n<p><span class=\"Apple-style-span\">El responsable de pol\u00edtica municipal, asegura que \u201cesta reinversi\u00f3n del super\u00e1vit permitir\u00e1 gastar a los ayuntamientos de Cantabria unos 54 millones de euros en algo tan evidente y que pon\u00eda en duda el ministro Montoro, como es mejorar el bienestar de los c\u00e1ntabros y c\u00e1ntabras\u201d.<\/span><\/p>\n<p><span class=\"Apple-style-span\">\u201cEl super\u00e1vit se consigue gracias a un trabajo de responsabilidad de los propios ayuntamientos que son las administraciones m\u00e1s responsables de este pa\u00eds y precisamente por ese motivo, son los consistorios los que tienen que decidir en que quieren invertir ese dinero\u201d, resalta.<\/span><\/p>\n<p><span class=\"Apple-style-span\">En este sentido, se\u00f1ala que \u201cel ahorro de los ayuntamientos ser\u00e1 conveniente destinarlo a las necesidades reales de los ciudadanos, aquellos que entendemos como una absoluta prioridad\u201d.<\/span><\/p>\n<p><span class=\"Apple-style-span\">\u00a0<\/span><span class=\"Apple-style-span\">\u201cEl PP ten\u00eda como objetivo pagar la deuda a los bancos, sin embargo el prop\u00f3sito de los socialistas era lo que hemos conseguido con mucho esfuerzo y constancia, reinvertir en nuestros vecinos y vecinas su propio dinero y utilizarlo en pol\u00edticas de bienestar y servicios sociales como pol\u00edticas activas de empleo, infraestructuras educativas, pol\u00edticas sociales, de seguridad o de igualdad\u201d, resalta.<\/span><\/p>\n<p><span class=\"Apple-style-span\">A su juicio, \u201ceste anuncio llega con mucho tiempo de retraso pero sabemos que finalmente se ha conseguido gracias a la unidad que han demostrado los alcaldes y alcaldesas de los diferentes consistorios y a trav\u00e9s del trabajo de la FEMP\u201d.<\/span><\/p>\n<p><span class=\"Apple-style-span\">No obstante, Agust\u00edn Molleda se\u00f1ala que \u201clos socialistas de Cantabria estaremos muy pendientes de que el ministro Montoro cumpla con su compromiso que es de obligado cumplimiento\u201d y sentencia que \u201cen caso contrario, reaccionaremos\u201d.<\/span> <\/p>\n","protected":false},"excerpt":{"rendered":"<p>El secretario de Pol\u00edtica Municipal y alcalde de Cartes, Agust\u00edn Molleda espera que \u201cel compromiso que ha adquirido el ministro Cristobal Montoro con los ayuntamientos y sus vecinos y vecinas, sea real y se cumpla\u201d. Molleda, realiza estas declaraciones despu\u00e9s de conocer el acuerdo alcanzado entre la Federaci\u00f3n Espa\u00f1ola de Municipios y Provincias (FEMP) y [&hellip;]<\/p>\n","protected":false},"author":2,"featured_media":1366,"comment_status":"open","ping_status":"open","sticky":false,"template":"","format":"standard","meta":{"tdm_status":"","tdm_grid_status":"","footnotes":""},"categories":[24],"tags":[],"class_list":["post-1365","post","type-post","status-publish","format-standard","has-post-thumbnail","hentry","category-partido"],"_links":{"self":[{"href":"https:\/\/www.psc-psoe.es\/index.php\/wp-json\/wp\/v2\/posts\/1365","targetHints":{"allow":["GET"]}}],"collection":[{"href":"https:\/\/www.psc-psoe.es\/index.php\/wp-json\/wp\/v2\/posts"}],"about":[{"href":"https:\/\/www.psc-psoe.es\/index.php\/wp-json\/wp\/v2\/types\/post"}],"author":[{"embeddable":true,"href":"https:\/\/www.psc-psoe.es\/index.php\/wp-json\/wp\/v2\/users\/2"}],"replies":[{"embeddable":true,"href":"https:\/\/www.psc-psoe.es\/index.php\/wp-json\/wp\/v2\/comments?post=1365"}],"version-history":[{"count":0,"href":"https:\/\/www.psc-psoe.es\/index.php\/wp-json\/wp\/v2\/posts\/1365\/revisions"}],"wp:featuredmedia":[{"embeddable":true,"href":"https:\/\/www.psc-psoe.es\/index.php\/wp-json\/wp\/v2\/media\/1366"}],"wp:attachment":[{"href":"https:\/\/www.psc-psoe.es\/index.php\/wp-json\/wp\/v2\/media?parent=1365"}],"wp:term":[{"taxonomy":"category","embeddable":true,"href":"https:\/\/www.psc-psoe.es\/index.php\/wp-json\/wp\/v2\/categories?post=1365"},{"taxonomy":"post_tag","embeddable":true,"href":"https:\/\/www.psc-psoe.es\/index.php\/wp-json\/wp\/v2\/tags?post=1365"}],"curies":[{"name":"wp","href":"https:\/\/api.w.org\/{rel}","templated":true}]}}