{"id":1360,"date":"2018-02-26T14:24:40","date_gmt":"2018-02-26T13:24:40","guid":{"rendered":"http:\/\/psc-psoe.es\/?p=1360"},"modified":"2019-02-19T13:25:17","modified_gmt":"2019-02-19T12:25:17","slug":"el-psoe-considera-que-el-pp-se-rie-de-los-vecinos-cuando-anuncia-hoy-la-reordenacion-de-la-calle-magallanes","status":"publish","type":"post","link":"https:\/\/www.psc-psoe.es\/index.php\/2018\/02\/26\/el-psoe-considera-que-el-pp-se-rie-de-los-vecinos-cuando-anuncia-hoy-la-reordenacion-de-la-calle-magallanes\/","title":{"rendered":"El PSOE considera que el PP \u201cse r\u00ede de los vecinos\u201d cuando anuncia hoy la reordenaci\u00f3n de la calle Magallanes"},"content":{"rendered":"<p>El secretario general y portavoz municipal, Pedro Casares en el Ayuntamiento de Santander, considera que el PP \u201cse r\u00ede de los vecinos\u201d cuando anuncia hoy la reordenaci\u00f3n de la calle Magallanes.<\/p>\n<p>Casares, que particip\u00f3 en una reuni\u00f3n el pasado viernes 24 de febrero, con vecinos de la calle Magallanes \u201cque han recogido casi 600 firmas\u201d para alzar la voz contra la \u201cdesatenci\u00f3n\u201d de la calle, considera que el Partido Popular demuestra hoy con su anuncio \u201cque lo que menos le interesa es el bienestar de los vecinos de Santander\u201d.<\/p>\n<p>\u201c\u00bfC\u00f3mo pueden tener la poca verg\u00fcenza de anunciar hoy que van a arreglar la calle despu\u00e9s de haber escuchado a los vecinos si \u00e9stos est\u00e1n recogiendo firmas tras haber presentado escritos en el Ayuntamiento que ni tan siquiera han sido contestados?\u201d denuncia el edil.<\/p>\n<p>El l\u00edder socialista explica que los vecinos han presentado incluso reclamaciones por responsabilidad patrimonial como consecuencia del problema de la red de saneamiento y alcantarillado \u201cy ni les han contestado\u201d.<\/p>\n<p>\u201cEs evidente que el anuncio responde a las prisas del equipo de gobierno por intentar evitar un conflicto que se les va a generar cuando los vecinos registran las firmas y se demuestre que ni han escuchado ni han hablado con nadie para mejorar la calle y que el anuncio solo responde al nerviosismo que invade al PP\u201d denuncia.<\/p>\n<p>En este sentido, explica que los vecinos est\u00e1n recogiendo firmas con un manifiesto en el que denuncian que la calle est\u00e1 llena de pintadas, excrementos, aceras deterioradas, conducciones y suministros insalubres. \u201c\u00bfY qu\u00e9 ha hecho el PP para ayudarles todo este tiempo? Nada, solo han recibido silencio e inacci\u00f3n del equipo de gobierno que lleva a\u00f1os sin invertir un solo euro en mejorar y acondicionar esta calle de la ciudad\u201d critica.<\/p>\n<p>Por \u00faltimo, Pedro Casares considera que \u201ces evidente la degradaci\u00f3n del entorno urbano en esta calle\u201d, por lo que comprende \u201cla indignaci\u00f3n y el malestar\u201d de los vecinos. \u201cLos vecinos de Magallanes tienen muchas razones para estar cabreados porque esta calle no ha recibido inversi\u00f3n por parte del Ayuntamiento en much\u00edsimos a\u00f1os\u201d denuncia.<\/p>\n<p>\u201cEst\u00e1n sufriendo la dejadez en una calle adem\u00e1s, que es arteria principal del centro urbano, a escasos metros del ayuntamiento\u201d enfatiza, a la que vez que destaca que \u201cel estado de abandono, de suciedad, de falta de limpieza y de luz, de falta de inversi\u00f3n en red de abastecimiento de agua y alcantarillado es tan clara que los vecinos tienen toda la raz\u00f3n\u201d. <\/p>\n","protected":false},"excerpt":{"rendered":"<p>El secretario general y portavoz municipal, Pedro Casares en el Ayuntamiento de Santander, considera que el PP \u201cse r\u00ede de los vecinos\u201d cuando anuncia hoy la reordenaci\u00f3n de la calle Magallanes. Casares, que particip\u00f3 en una reuni\u00f3n el pasado viernes 24 de febrero, con vecinos de la calle Magallanes \u201cque han recogido casi 600 firmas\u201d [&hellip;]<\/p>\n","protected":false},"author":2,"featured_media":1361,"comment_status":"open","ping_status":"open","sticky":false,"template":"","format":"standard","meta":{"tdm_status":"","tdm_grid_status":"","footnotes":""},"categories":[20,16],"tags":[],"class_list":["post-1360","post","type-post","status-publish","format-standard","has-post-thumbnail","hentry","category-santander","category-noticias-santander"],"_links":{"self":[{"href":"https:\/\/www.psc-psoe.es\/index.php\/wp-json\/wp\/v2\/posts\/1360","targetHints":{"allow":["GET"]}}],"collection":[{"href":"https:\/\/www.psc-psoe.es\/index.php\/wp-json\/wp\/v2\/posts"}],"about":[{"href":"https:\/\/www.psc-psoe.es\/index.php\/wp-json\/wp\/v2\/types\/post"}],"author":[{"embeddable":true,"href":"https:\/\/www.psc-psoe.es\/index.php\/wp-json\/wp\/v2\/users\/2"}],"replies":[{"embeddable":true,"href":"https:\/\/www.psc-psoe.es\/index.php\/wp-json\/wp\/v2\/comments?post=1360"}],"version-history":[{"count":0,"href":"https:\/\/www.psc-psoe.es\/index.php\/wp-json\/wp\/v2\/posts\/1360\/revisions"}],"wp:featuredmedia":[{"embeddable":true,"href":"https:\/\/www.psc-psoe.es\/index.php\/wp-json\/wp\/v2\/media\/1361"}],"wp:attachment":[{"href":"https:\/\/www.psc-psoe.es\/index.php\/wp-json\/wp\/v2\/media?parent=1360"}],"wp:term":[{"taxonomy":"category","embeddable":true,"href":"https:\/\/www.psc-psoe.es\/index.php\/wp-json\/wp\/v2\/categories?post=1360"},{"taxonomy":"post_tag","embeddable":true,"href":"https:\/\/www.psc-psoe.es\/index.php\/wp-json\/wp\/v2\/tags?post=1360"}],"curies":[{"name":"wp","href":"https:\/\/api.w.org\/{rel}","templated":true}]}}