{"id":1357,"date":"2018-02-25T18:22:57","date_gmt":"2018-02-25T17:22:57","guid":{"rendered":"http:\/\/psc-psoe.es\/?p=1357"},"modified":"2019-02-19T13:25:25","modified_gmt":"2019-02-19T12:25:25","slug":"el-psoe-asegura-en-monte-que-el-metro-tus-ha-perjudicado-a-todos-los-santanderinos","status":"publish","type":"post","link":"https:\/\/www.psc-psoe.es\/index.php\/2018\/02\/25\/el-psoe-asegura-en-monte-que-el-metro-tus-ha-perjudicado-a-todos-los-santanderinos\/","title":{"rendered":"El PSOE asegura en Monte que el metro-TUS ha perjudicado a todos los santanderinos"},"content":{"rendered":"<p>El secretario general del PSOE y portavoz municipal, Pedro Casares, quiere que los vecinos de Monte \u201cpuedan recuperar un servicio de autob\u00fas urbano que d\u00e9 respuesta a sus necesidades\u201d, ya que el metro-TUS ha perjudicado a todos los santanderinos.<\/p>\n<p>Casares, que ha realizado una visita a la zona, dentro de la campa\u00f1a de escucha activa que est\u00e1 desarrollando para conocer y poner voz a los problemas de los santanderinos, ha recordado que Monte \u201ces una de las zonas m\u00e1s castigadaspor el metro-TUS\u201d.<\/p>\n<p>Por ello, el l\u00edder de los socialistas santanderinos ha explicado que el PSOE ha pedido que se paralice el metro-TUS. \u201cNo tiene sentido la obcecaci\u00f3n de la alcaldesa con mantener un sistema que est\u00e1 perjudicando a los santanderinos y por el que todo el mundo est\u00e1 protestando\u201d.<\/p>\n<p>\u201cAhora hay un peor servicio de autobuses, esto es una realidad y todo Santander quiere poner fin a este desprop\u00f3sito\u201dafirma.<\/p>\n<p>En este sentido, el l\u00edder socialista ha asegurado a los vecinos que han acudido a la reuni\u00f3n en la asociaci\u00f3n de vecinos de Monte\u201cEl Castillo\u201d, que el metro-TUS adem\u00e1s de problemas a los usuarios \u201cha costado m\u00e1s de 7 millones de euros, algo que nadie entiende dado que ahora el servicio de autobuses est\u00e1 peor que antes\u201d.<\/p>\n<p>\u201cHoy hay muchos santanderinos que habitualmente cog\u00edan el autob\u00fas para desplazarse por la ciudad que ahora est\u00e1n buscando otras opciones pues es demasiado el tiempo que tardar y la incertidumbre con los horarios\u201d explica el edil.<\/p>\n<p><b>Plan de seguridad vial y Polic\u00eda de Barrio<\/b><\/p>\n<p>Por otra parte, en la reuni\u00f3n se han abordado otros problemas como la inseguridad por falta de efectivos de polic\u00eda local y la ausencia de un plan de seguridad vial.El l\u00edder socialista ha afirmado que en Monte hay \u201cun problema de seguridad vialimportante\u201d.Hay viales y calles \u201cen los que la velocidad se supera como si fuera un circuito automovil\u00edstico y ni hay se\u00f1ales, ni medidas disuasorias de velocidad ni polic\u00eda que lo controle\u201d.<\/p>\n<p>\u201cLa zona de Monte est\u00e1 muy olvidada\u201d ha expresado Casares, quien recuerda que \u201chay pasos de peatones que no se respetan, no hay aceras en muchas calles por las que puedan pasar los peatones con tranquilidad y el asfalto est\u00e1 en muy mal estado desde hace a\u00f1os\u201d.<\/p>\n<p>Por \u00faltimo, Pedro Casares ha vuelto a demandar la Polic\u00eda de Barrio, muy necesario en zonas como Monte, para entre otras cosas disuadir de circular a elevadas velocidades y mejorar la seguridad en los barrios\u201d. \u201cEn este momento hay decenas de vacantes en la Polic\u00eda local, con lo que ello conlleva, que son menos personas en los turnos y por tanto m\u00e1s dificultades para poder controlar la ciudad\u201d.<\/p>\n<p>Una medida que el PSOE ya propuso en el Pleno del Ayuntamiento \u201cy el PP rechaz\u00f3\u201d. \u201cPrefiero tener m\u00e1s Polic\u00eda Local y recuperar un cuerpo como la Polic\u00eda de Barrio que gastarme siete millones en el metro-TUS\u201d. \u201cDinero hay, el problema es que la Alcaldesa lo gasta mal\u201d, ha concluido Casares. <\/p>\n","protected":false},"excerpt":{"rendered":"<p>El secretario general del PSOE y portavoz municipal, Pedro Casares, quiere que los vecinos de Monte \u201cpuedan recuperar un servicio de autob\u00fas urbano que d\u00e9 respuesta a sus necesidades\u201d, ya que el metro-TUS ha perjudicado a todos los santanderinos. Casares, que ha realizado una visita a la zona, dentro de la campa\u00f1a de escucha activa [&hellip;]<\/p>\n","protected":false},"author":2,"featured_media":1358,"comment_status":"open","ping_status":"open","sticky":false,"template":"","format":"standard","meta":{"tdm_status":"","tdm_grid_status":"","footnotes":""},"categories":[20,16],"tags":[],"class_list":["post-1357","post","type-post","status-publish","format-standard","has-post-thumbnail","hentry","category-santander","category-noticias-santander"],"_links":{"self":[{"href":"https:\/\/www.psc-psoe.es\/index.php\/wp-json\/wp\/v2\/posts\/1357","targetHints":{"allow":["GET"]}}],"collection":[{"href":"https:\/\/www.psc-psoe.es\/index.php\/wp-json\/wp\/v2\/posts"}],"about":[{"href":"https:\/\/www.psc-psoe.es\/index.php\/wp-json\/wp\/v2\/types\/post"}],"author":[{"embeddable":true,"href":"https:\/\/www.psc-psoe.es\/index.php\/wp-json\/wp\/v2\/users\/2"}],"replies":[{"embeddable":true,"href":"https:\/\/www.psc-psoe.es\/index.php\/wp-json\/wp\/v2\/comments?post=1357"}],"version-history":[{"count":0,"href":"https:\/\/www.psc-psoe.es\/index.php\/wp-json\/wp\/v2\/posts\/1357\/revisions"}],"wp:featuredmedia":[{"embeddable":true,"href":"https:\/\/www.psc-psoe.es\/index.php\/wp-json\/wp\/v2\/media\/1358"}],"wp:attachment":[{"href":"https:\/\/www.psc-psoe.es\/index.php\/wp-json\/wp\/v2\/media?parent=1357"}],"wp:term":[{"taxonomy":"category","embeddable":true,"href":"https:\/\/www.psc-psoe.es\/index.php\/wp-json\/wp\/v2\/categories?post=1357"},{"taxonomy":"post_tag","embeddable":true,"href":"https:\/\/www.psc-psoe.es\/index.php\/wp-json\/wp\/v2\/tags?post=1357"}],"curies":[{"name":"wp","href":"https:\/\/api.w.org\/{rel}","templated":true}]}}