{"id":1349,"date":"2018-02-23T14:18:15","date_gmt":"2018-02-23T13:18:15","guid":{"rendered":"http:\/\/psc-psoe.es\/?p=1349"},"modified":"2019-02-19T13:25:44","modified_gmt":"2019-02-19T12:25:44","slug":"el-psoe-destaca-la-mejora-de-los-centros-de-salud-de-los-castros-el-alisal-y-vargas","status":"publish","type":"post","link":"https:\/\/www.psc-psoe.es\/index.php\/2018\/02\/23\/el-psoe-destaca-la-mejora-de-los-centros-de-salud-de-los-castros-el-alisal-y-vargas\/","title":{"rendered":"El PSOE destaca la mejora de los centros de salud de Los Castros, El Alisal y Vargas"},"content":{"rendered":"<p><span lang=\"ES\">El secretario general y portavoz municipal, Pedro Casares en el Ayuntamiento de Santander, reivindica la mejora \u201csustancial\u201d desde 2015 de la atenci\u00f3n primaria en Santander, gracias al compromiso demostrado por la Consejer\u00eda de Sanidad.<\/span><\/p>\n<p><span lang=\"ES\">Casares se ha reunido con la consejera de Sanidad del Gobierno de Cantabria, Luisa Real, acompa\u00f1ado de la vicesecretaria general y el secretario de Salud y Deportes del PSOE de Santander, Ainoa Qui\u00f1ones y Juan Manuel Ruiz, para conocer \u201cde primera mano\u201d todas las actuaciones desarrolladas en la ciudad por el Gobierno en esta materia.<\/span><\/p>\n<p><span lang=\"ES\">De esta forma, el portavoz del PSOE destaca<\/span> <span lang=\"ES\">la mejora de los centros de salud de Los Castros, El Alisal y Vargas. En este sentido, recuerda que el Gobierno ha llevado a cabo la \u00a0ampliaci\u00f3n y mejora del centro, ampliaci\u00f3n y acondicionamiento del aparcamiento y de los accesos del centro de salud de Los Castros.<\/span><\/p>\n<p><span lang=\"ES\">Asimismo, destaca las obras de reforma y ampliaci\u00f3n del centro, con la centralizaci\u00f3n de los servicios de Atenci\u00f3n Temprana del centro de salud de El Alisal y las obras de reforma en el centro de salud de Vargas.<\/span><\/p>\n<p><span lang=\"ES\">Para el l\u00edder socialista, \u201ccon todas estas obras se pretende mejorar las condiciones para la prestaci\u00f3n de los servicios sanitarios, con mayor comodidad y seguridad para usuarios y trabajadores, adem\u00e1s de mejorar la accesibilidad\u201d.<\/span><\/p>\n<p><span lang=\"ES\">A su vez, Casares destaca la puesta en marcha de unidades de salud mental en los centros de salud de Monta\u00f1a y Vargas, asegurando que con ello \u201cel ratio de poblaci\u00f3n atendida por equipo de profesionales, con una distribuci\u00f3n m\u00e1s equitativa de los recursos\u201d asegura el edil. <\/span><span lang=\"ES\">\u201cEl compromiso del Gobierno de Cantabria con la ciudad se manifiesta en actuaciones concretas con las que se mejora la vida de la ciudadan\u00eda\u201d asegura.<\/span><\/p>\n<p><b><span lang=\"ES\">Hospital de d\u00eda infanto-juvenil en Valdecilla<\/span><\/b><\/p>\n<p><span lang=\"ES\">El l\u00edder de los socialistas santanderinos anuncia que otra de las medidas para mejorar la atenci\u00f3n primaria es el hospital de d\u00eda infanto-juvenil que se va a poner en marcha en Valdecilla \u201cque cubrir\u00e1 una necesidad muy demandada por la ciudadan\u00eda\u201d.<\/span><\/p>\n<p><span lang=\"ES\">Por \u00faltimo, Pedro Casares pone en valor las actividades y programas que la Consejer\u00eda de Sanidad desarrolla en la ciudad, en colaboraci\u00f3n con el Ayuntamiento. Entre ellos, destaca &#8220;El Cine en la Ense\u00f1anza&#8221;, programa dirigido a escolares, &#8220;En Familia. Educar para la vida&#8221; y el &#8220;Aula de Cocina Saludable&#8221;.<\/span> <\/p>\n","protected":false},"excerpt":{"rendered":"<p>El secretario general y portavoz municipal, Pedro Casares en el Ayuntamiento de Santander, reivindica la mejora \u201csustancial\u201d desde 2015 de la atenci\u00f3n primaria en Santander, gracias al compromiso demostrado por la Consejer\u00eda de Sanidad. Casares se ha reunido con la consejera de Sanidad del Gobierno de Cantabria, Luisa Real, acompa\u00f1ado de la vicesecretaria general y [&hellip;]<\/p>\n","protected":false},"author":2,"featured_media":1350,"comment_status":"open","ping_status":"open","sticky":false,"template":"","format":"standard","meta":{"tdm_status":"","tdm_grid_status":"","footnotes":""},"categories":[20,16],"tags":[],"class_list":["post-1349","post","type-post","status-publish","format-standard","has-post-thumbnail","hentry","category-santander","category-noticias-santander"],"_links":{"self":[{"href":"https:\/\/www.psc-psoe.es\/index.php\/wp-json\/wp\/v2\/posts\/1349","targetHints":{"allow":["GET"]}}],"collection":[{"href":"https:\/\/www.psc-psoe.es\/index.php\/wp-json\/wp\/v2\/posts"}],"about":[{"href":"https:\/\/www.psc-psoe.es\/index.php\/wp-json\/wp\/v2\/types\/post"}],"author":[{"embeddable":true,"href":"https:\/\/www.psc-psoe.es\/index.php\/wp-json\/wp\/v2\/users\/2"}],"replies":[{"embeddable":true,"href":"https:\/\/www.psc-psoe.es\/index.php\/wp-json\/wp\/v2\/comments?post=1349"}],"version-history":[{"count":0,"href":"https:\/\/www.psc-psoe.es\/index.php\/wp-json\/wp\/v2\/posts\/1349\/revisions"}],"wp:featuredmedia":[{"embeddable":true,"href":"https:\/\/www.psc-psoe.es\/index.php\/wp-json\/wp\/v2\/media\/1350"}],"wp:attachment":[{"href":"https:\/\/www.psc-psoe.es\/index.php\/wp-json\/wp\/v2\/media?parent=1349"}],"wp:term":[{"taxonomy":"category","embeddable":true,"href":"https:\/\/www.psc-psoe.es\/index.php\/wp-json\/wp\/v2\/categories?post=1349"},{"taxonomy":"post_tag","embeddable":true,"href":"https:\/\/www.psc-psoe.es\/index.php\/wp-json\/wp\/v2\/tags?post=1349"}],"curies":[{"name":"wp","href":"https:\/\/api.w.org\/{rel}","templated":true}]}}