{"id":1347,"date":"2018-02-23T13:17:24","date_gmt":"2018-02-23T12:17:24","guid":{"rendered":"http:\/\/psc-psoe.es\/?p=1347"},"modified":"2019-02-19T13:25:51","modified_gmt":"2019-02-19T12:25:51","slug":"el-psoe-lamenta-que-la-alcaldesa-haga-prevalecer-su-orgullo-a-escuchar-a-los-santanderinos-sobre-el-metro-tus","status":"publish","type":"post","link":"https:\/\/www.psc-psoe.es\/index.php\/2018\/02\/23\/el-psoe-lamenta-que-la-alcaldesa-haga-prevalecer-su-orgullo-a-escuchar-a-los-santanderinos-sobre-el-metro-tus\/","title":{"rendered":"El PSOE lamenta que la Alcaldesa haga prevalecer \u201csu orgullo\u201d a escuchar a los santanderinos sobre el metro-TUS"},"content":{"rendered":"<p><span lang=\"ES\">El secretario general y portavoz municipal, Pedro Casares en el Ayuntamiento de Santander, lamenta que la alcaldesa de Santander, Gema Igual, haga prevalecer \u201csu orgullo\u201d a escuchar a los santanderinos sobre el metro-TUS.<\/span><\/p>\n<p><span lang=\"ES\">Casares responde as\u00ed a Igual tras las declaraciones realizadas hoy en las que ha asegurado que \u201cno va a dejar de hacer nada que crea que es bueno para la ciudad como el nuevo sistema del Metro-TUS y la reordenaci\u00f3n de l\u00edneas por seguir o no seguir en este sill\u00f3n\u201d.<\/span><\/p>\n<p><span lang=\"ES\">Para el l\u00edder socialista \u201cla sinraz\u00f3n de la alcaldesa no conoce l\u00edmites\u201d ha asegurado el l\u00edder socialista, que critica que el Partido Popular \u201csea incapaz de ponerse en la piel de much\u00edsimos santanderinos a los que el metro-TUS est\u00e1 perjudicando en su d\u00eda a d\u00eda\u201d.<\/span><\/p>\n<p><span lang=\"ES\">El l\u00edder de los socialistas santanderinos considera que \u201ces tremendamente grave\u201d que el equipo de gobierno \u201csea incapaz de escuchar a los santanderinos que le han dicho reiteradamente que no quieren el metro-TUS\u201d, a la vez que afirma que no sabe \u201cqu\u00e9 intereses ocultos puede haber en defender una obra innecesaria como el metro-TUS que perjudica a todos\u201d.<\/span><\/p>\n<p>\u201cNo puede ser que todos los vecinos est\u00e9n equivocados. Desde Lluja a San Rom\u00e1n, de Pe\u00f1acastillo a Monte, pasando por Cueto, Campogiro, el centro urbano,\u00a0 Cazo\u00f1a o Marques de la Hermida, todos los vecinos de todos los barrios se han visto perjudicados. \u00bfEst\u00e1n todos equivocados? \u00bfNo ser\u00e1 el PP quien est\u00e1 equivocado?&#8221; subraya el edil.<\/p>\n<p><span lang=\"ES\">Por ello, el portavoz del PSOE asegura que va a trabajar \u201cen aportar ideas y soluciones a este despr\u00f3posito\u201d que<\/span> ha consistido en alterar las costumbres de la gente para justificar 7 millones de euros en unas l\u00edneas pintadas, unos intercambiadores sin mamparas y unos autobuses articulados.<\/p>\n<p><b><span lang=\"ES\">Oportunidad p\u00e9rdida en el Pleno<\/span><\/b><\/p>\n<p><span lang=\"ES\">En este sentido, el l\u00edder de los socialistas santanderinos recuerda que el equipo de gobierno del PP perdi\u00f3 una \u201cbuena oportunidad de rectificar\u201d ayer, en el Pleno del Ayuntamiento, \u201ccuando la oposici\u00f3n le ped\u00edamos paralizar el metro-TUS y empezar de nuevo a dise\u00f1ar la reordenaci\u00f3n de l\u00edneas para mejorar la movilidad de los santanderinos\u201d.<\/span><\/p>\n<p><span lang=\"ES\">\u201cNo tiene ning\u00fan sentido seguir obcecados con mantener el metro-TUS cuando todo el mundo les est\u00e1 diciendo que es perjudicial a los intereses de los ciudadanos que hoy se desplazan peor por la ciudad que hace un mes\u201d denuncia Casares, que recuerda que la implantaci\u00f3n del metro-TUS \u201csolo ha tra\u00eddo m\u00e1s retrasos, trasbordos injustificados y problemas para moverse por Santander\u201d.<\/span><\/p>\n<p><span lang=\"ES\">De la misma forma, el edil recuerda que con el metro-TUS \u201choy los vecinos de los barrios perif\u00e9ricos de Santander, que son las zonas de crecimiento de la ciudad, est\u00e1n m\u00e1s alejados del centro urbano que nunca\u201d.<\/span><\/p>\n<p><span lang=\"ES\">Por \u00faltimo, Pedro Casares ha reiterado su petici\u00f3n al PP, \u201cque <\/span>rectifiquen, escuchen y atiendan a quienes diariamente usan el TUS para hacer de este servicio p\u00fablico una herramienta m\u00e1s eficiente y r\u00e1pida para moverse por Santander\u201d. <\/p>\n","protected":false},"excerpt":{"rendered":"<p>El secretario general y portavoz municipal, Pedro Casares en el Ayuntamiento de Santander, lamenta que la alcaldesa de Santander, Gema Igual, haga prevalecer \u201csu orgullo\u201d a escuchar a los santanderinos sobre el metro-TUS. Casares responde as\u00ed a Igual tras las declaraciones realizadas hoy en las que ha asegurado que \u201cno va a dejar de hacer [&hellip;]<\/p>\n","protected":false},"author":2,"featured_media":1141,"comment_status":"open","ping_status":"open","sticky":false,"template":"","format":"standard","meta":{"tdm_status":"","tdm_grid_status":"","footnotes":""},"categories":[20,16],"tags":[],"class_list":["post-1347","post","type-post","status-publish","format-standard","has-post-thumbnail","hentry","category-santander","category-noticias-santander"],"_links":{"self":[{"href":"https:\/\/www.psc-psoe.es\/index.php\/wp-json\/wp\/v2\/posts\/1347","targetHints":{"allow":["GET"]}}],"collection":[{"href":"https:\/\/www.psc-psoe.es\/index.php\/wp-json\/wp\/v2\/posts"}],"about":[{"href":"https:\/\/www.psc-psoe.es\/index.php\/wp-json\/wp\/v2\/types\/post"}],"author":[{"embeddable":true,"href":"https:\/\/www.psc-psoe.es\/index.php\/wp-json\/wp\/v2\/users\/2"}],"replies":[{"embeddable":true,"href":"https:\/\/www.psc-psoe.es\/index.php\/wp-json\/wp\/v2\/comments?post=1347"}],"version-history":[{"count":0,"href":"https:\/\/www.psc-psoe.es\/index.php\/wp-json\/wp\/v2\/posts\/1347\/revisions"}],"wp:featuredmedia":[{"embeddable":true,"href":"https:\/\/www.psc-psoe.es\/index.php\/wp-json\/wp\/v2\/media\/1141"}],"wp:attachment":[{"href":"https:\/\/www.psc-psoe.es\/index.php\/wp-json\/wp\/v2\/media?parent=1347"}],"wp:term":[{"taxonomy":"category","embeddable":true,"href":"https:\/\/www.psc-psoe.es\/index.php\/wp-json\/wp\/v2\/categories?post=1347"},{"taxonomy":"post_tag","embeddable":true,"href":"https:\/\/www.psc-psoe.es\/index.php\/wp-json\/wp\/v2\/tags?post=1347"}],"curies":[{"name":"wp","href":"https:\/\/api.w.org\/{rel}","templated":true}]}}