{"id":1342,"date":"2018-02-22T12:15:05","date_gmt":"2018-02-22T11:15:05","guid":{"rendered":"http:\/\/psc-psoe.es\/?p=1342"},"modified":"2019-02-19T13:25:57","modified_gmt":"2019-02-19T12:25:57","slug":"el-psoe-denuncia-el-inmovilismo-del-pp-en-politicas-de-juventud-en-santander","status":"publish","type":"post","link":"https:\/\/www.psc-psoe.es\/index.php\/2018\/02\/22\/el-psoe-denuncia-el-inmovilismo-del-pp-en-politicas-de-juventud-en-santander\/","title":{"rendered":"El PSOE denuncia \u201cel inmovilismo\u201d del PP en pol\u00edticas de juventud en Santander"},"content":{"rendered":"<p>El secretario general y portavoz municipal, Pedro Casares en el Ayuntamiento de Santander, denuncia \u201cel inmovilismo\u201d del PP en pol\u00edticas de juventud en la ciudad, tras una reuni\u00f3n mantenida hoy con el secretario general de Juventudes Socialistas de Santander, Enrique Hierro.<\/p>\n<p>Casares critica que el Consejo de J\u00f3venes inicia este viernes la fase de diagn\u00f3stico del III Plan de Juventud \u201ctres a\u00f1os despu\u00e9s de haberlo anunciado\u201d.<\/p>\n<p>Y considera que este hecho \u201cevidencia como ning\u00fan otro\u201d la falta de compromiso del equipo de gobierno del PP con las pol\u00edticas destinadas a los j\u00f3venes, \u201csobre todo aquellas que afectan a su formaci\u00f3n y empleo\u201d, porque iniciar la fase de diagn\u00f3stico el 23 de febrero es, a juicio del edil, \u201cque pasar\u00e1n muchos meses hasta que vea la luz, probablemente ya a partir de la pr\u00f3xima legislatura\u201d.<\/p>\n<p><strong>Tres a\u00f1os de retrasos e incumplimiento<\/strong>s<\/p>\n<p>Asimismo, el l\u00edder de los socialistas santanderinos critica que el 20 de marzo de 2015 se anunciaba que el Ayuntamiento de Santander iba a empezar la fase de diagn\u00f3stico para redactar su III Plan de Juventud una vez que finaliz\u00f3 el segundo \u201cy no se ha hecho nada\u201d.<\/p>\n<p>Para el l\u00edder socialista, \u201cen una ciudad en la que cada a\u00f1o se pierden de media 1.000 habitantes es flagrante el desinter\u00e9s del PP por desarrollar acciones para que los j\u00f3venes puedan vivir y trabajar en Santander\u201d.<\/p>\n<p>\u201cSe r\u00eden de los santanderinos y para muestra este Plan de Juventud, que hace un a\u00f1o ya ped\u00edamos desde el PSOE que se pusiera en marcha tras dos a\u00f1os de promesas incumplidas, y un a\u00f1o m\u00e1s tarde de aquella moci\u00f3n empiezan los trabajos para desarrollarlo\u201d denuncia Casares.<\/p>\n<p>El portavoz del PSOE considera que \u201c\u00e9sta ser\u00e1 una legislatura p\u00e9rdida en pol\u00edticas de juventud\u201d, denunciando a su vez que en estos tres a\u00f1os de legislatura \u201cno se ha elaborado ni una sola l\u00ednea estrat\u00e9gica para abordar los retos en el futuro desde el \u00e1mbito municipal\u201d.<\/p>\n<p><strong>Rechazo de las iniciativas de la oposici\u00f3n<\/strong><\/p>\n<p>Por otra parte, el edil critica que el PP \u201cno satisfecho con no hacer nada, tampoco da espacio a la oposici\u00f3n para tomar la iniciativa rechazando todas nuestras propuestas\u201d. En este sentido, Casares ha recordado que el PSOE ha presentado varias mociones con el objetivo de trabajar en medidas concretas para los j\u00f3venes.<\/p>\n<p>De esta forma, el portavoz socialista recuerda la moci\u00f3n presentada en marzo de 2016 para la elaboraci\u00f3n de un Plan de apoyo y fomento del Empleo Joven con medidas concretas y partidas presupuestarias adicionales.<\/p>\n<p>Y tambi\u00e9n la moci\u00f3n presentada en octubre de 2017 para abordar la recuperaci\u00f3n del talento joven, poniendo en marcha de un fondo municipal destinado entre otras cuestiones, a establecer ayudas, bonificaciones e incentivos para promover el retorno y reinserci\u00f3n laboral de los j\u00f3venes que se han visto abocados a marcharse fuera de Santander.<\/p>\n<p>Por \u00faltimo, Pedro Casares recuerda que Santander, como capital de Cantabria, debe ser un motor del cambio social permanente y el escenario imprescindible para afrontar los retos de los j\u00f3venes y las pol\u00edticas a desarrollar para que puedan vivir y trabajar en la ciudad y por ello, pide al PP que la reuni\u00f3n de ma\u00f1ana \u201csiente las bases para realizar un trabajo urgente en favor de los j\u00f3venes santanderinos\u201d.<\/p>\n<p>\u201cQuienes tienen entre 24 y 35 a\u00f1os en Santander no pueden esperar m\u00e1s, necesitan ayudas, bonificaciones, incentivos y acciones para poder aventurarse a iniciar un proyecto vital en nuestra ciudad en vez de marcharse fuera\u201d concluye el edil. <\/p>\n","protected":false},"excerpt":{"rendered":"<p>El secretario general y portavoz municipal, Pedro Casares en el Ayuntamiento de Santander, denuncia \u201cel inmovilismo\u201d del PP en pol\u00edticas de juventud en la ciudad, tras una reuni\u00f3n mantenida hoy con el secretario general de Juventudes Socialistas de Santander, Enrique Hierro. Casares critica que el Consejo de J\u00f3venes inicia este viernes la fase de diagn\u00f3stico [&hellip;]<\/p>\n","protected":false},"author":2,"featured_media":1343,"comment_status":"open","ping_status":"open","sticky":false,"template":"","format":"standard","meta":{"tdm_status":"","tdm_grid_status":"","footnotes":""},"categories":[20,16],"tags":[],"class_list":["post-1342","post","type-post","status-publish","format-standard","has-post-thumbnail","hentry","category-santander","category-noticias-santander"],"_links":{"self":[{"href":"https:\/\/www.psc-psoe.es\/index.php\/wp-json\/wp\/v2\/posts\/1342","targetHints":{"allow":["GET"]}}],"collection":[{"href":"https:\/\/www.psc-psoe.es\/index.php\/wp-json\/wp\/v2\/posts"}],"about":[{"href":"https:\/\/www.psc-psoe.es\/index.php\/wp-json\/wp\/v2\/types\/post"}],"author":[{"embeddable":true,"href":"https:\/\/www.psc-psoe.es\/index.php\/wp-json\/wp\/v2\/users\/2"}],"replies":[{"embeddable":true,"href":"https:\/\/www.psc-psoe.es\/index.php\/wp-json\/wp\/v2\/comments?post=1342"}],"version-history":[{"count":0,"href":"https:\/\/www.psc-psoe.es\/index.php\/wp-json\/wp\/v2\/posts\/1342\/revisions"}],"wp:featuredmedia":[{"embeddable":true,"href":"https:\/\/www.psc-psoe.es\/index.php\/wp-json\/wp\/v2\/media\/1343"}],"wp:attachment":[{"href":"https:\/\/www.psc-psoe.es\/index.php\/wp-json\/wp\/v2\/media?parent=1342"}],"wp:term":[{"taxonomy":"category","embeddable":true,"href":"https:\/\/www.psc-psoe.es\/index.php\/wp-json\/wp\/v2\/categories?post=1342"},{"taxonomy":"post_tag","embeddable":true,"href":"https:\/\/www.psc-psoe.es\/index.php\/wp-json\/wp\/v2\/tags?post=1342"}],"curies":[{"name":"wp","href":"https:\/\/api.w.org\/{rel}","templated":true}]}}