{"id":1336,"date":"2018-02-21T14:11:19","date_gmt":"2018-02-21T13:11:19","guid":{"rendered":"http:\/\/psc-psoe.es\/?p=1336"},"modified":"2019-02-19T13:26:05","modified_gmt":"2019-02-19T12:26:05","slug":"el-psoe-pide-a-la-alcaldesa-que-cambie-el-examen-de-oposicion-previsto-para-el-8-de-marzo","status":"publish","type":"post","link":"https:\/\/www.psc-psoe.es\/index.php\/2018\/02\/21\/el-psoe-pide-a-la-alcaldesa-que-cambie-el-examen-de-oposicion-previsto-para-el-8-de-marzo\/","title":{"rendered":"El PSOE pide a la Alcaldesa que cambie el examen de oposici\u00f3n previsto para el 8 de marzo"},"content":{"rendered":"<p>El secretario general y portavoz municipal, Pedro Casares en el Ayuntamiento de Santander, pide a la Alcaldesa de Santander, Gema Igual, que cambie de fecha el examen de oposici\u00f3n previsto para el pr\u00f3ximo 8 de marzo, D\u00eda Internacional de la Mujer.<\/p>\n<p>Casares recuerda que el 8 de marzo en el que est\u00e1 prevista una huelga laboral, de consumo, de cuidados y estudiantil en todo el mundo, y a la que el PSOE ha pedido en una moci\u00f3n, que se debatir\u00e1 este jueves, que se sume el Ayuntamiento para visibilizar el problema de la brecha salarial y laboral entre hombres y mujeres.<\/p>\n<p>En este sentido, el l\u00edder socialista considera que el Ayuntamiento \u201cdebe dar ejemplo\u201d comprometi\u00e9ndose con la defensa de una sociedad igualitaria, y que por tanto, no cabe celebrar ese d\u00eda un examen de oposiciones.<\/p>\n<p>El portavoz del PSOE realiza esta petici\u00f3n tras conocer que el primer ejercicio de un concurso-oposici\u00f3n para la formaci\u00f3n de una bolsa de empleo temporal para sustituciones de una plaza de jefe de Secci\u00f3n Administrativa del Instituto Municipal de Deportes de Santander est\u00e1 previsto para el 8 de marzo a las 17.00h.<\/p>\n<p>\u201cLo l\u00f3gico es que la Alcaldesa inicie los tr\u00e1mites administrativos oportunos para cambiar la fecha de ese examen\u201d asegura Casares, que recuerda que en el Ayuntamiento de Torrelavega ya se han iniciado dichos tr\u00e1mites para cambiar un examen similar \u201cporque es entendible que al convocarlo no se percatar\u00e1n pero una vez se ve la coincidencia hay que cambiar la fecha\u201d.<\/p>\n<p><strong>Elaborar estudios de la situaci\u00f3n laboral y salarial<\/strong><\/p>\n<p>Por otra parte, el l\u00edder de los socialistas santanderinos recuerda que este jueves, 22 de febrero, coincidiendo con el D\u00eda de la Igualdad Salarial, el PSOE defender\u00e1 una moci\u00f3n conjunta con el PRC en la que piden elaborar y presentar un Plan de Igualdad espec\u00edfico para los trabajadores y trabajadoras del Ayuntamiento y empresas municipales.<\/p>\n<p>\u201cQueremos que para ello se cuente con los representantes de los trabajadores, y figuren las diferentes medidas a adoptar para eliminar cualquier discriminaci\u00f3n de g\u00e9nero as\u00ed como las medidas que se consideren al objeto de facilitar la conciliaci\u00f3n de la vida laboral, familiar y personal\u201d asegura el edil.<\/p>\n<p>Asimismo, socialistas y regionalistas pedir\u00e1n en la moci\u00f3n que el Pleno del Ayuntamiento apruebe la elaboraci\u00f3n de un estudio sobre la situaci\u00f3n laboral y salarial de los trabajadores y las trabajadoras del Ayuntamiento y empresas municipales.<\/p>\n<p>Por \u00faltimo, Pedro Casares asegura que el PSOE defiende y llevar\u00e1 a cabo la huelga el pr\u00f3ximo 8 de marzo, \u201cque no va contra ning\u00fan modelo de sociedad occidental como defiende el PP ni enfrenta a las mujeres y a los hombres\u201d. \u201cEs una huelga para manifestar la enorme brecha salarial y laboral que padecen las mujeres y aunar el consenso para combatirla\u201d concluye el edil. <\/p>\n","protected":false},"excerpt":{"rendered":"<p>El secretario general y portavoz municipal, Pedro Casares en el Ayuntamiento de Santander, pide a la Alcaldesa de Santander, Gema Igual, que cambie de fecha el examen de oposici\u00f3n previsto para el pr\u00f3ximo 8 de marzo, D\u00eda Internacional de la Mujer. Casares recuerda que el 8 de marzo en el que est\u00e1 prevista una huelga [&hellip;]<\/p>\n","protected":false},"author":2,"featured_media":1337,"comment_status":"open","ping_status":"open","sticky":false,"template":"","format":"standard","meta":{"tdm_status":"","tdm_grid_status":"","footnotes":""},"categories":[20,16],"tags":[],"class_list":["post-1336","post","type-post","status-publish","format-standard","has-post-thumbnail","hentry","category-santander","category-noticias-santander"],"_links":{"self":[{"href":"https:\/\/www.psc-psoe.es\/index.php\/wp-json\/wp\/v2\/posts\/1336","targetHints":{"allow":["GET"]}}],"collection":[{"href":"https:\/\/www.psc-psoe.es\/index.php\/wp-json\/wp\/v2\/posts"}],"about":[{"href":"https:\/\/www.psc-psoe.es\/index.php\/wp-json\/wp\/v2\/types\/post"}],"author":[{"embeddable":true,"href":"https:\/\/www.psc-psoe.es\/index.php\/wp-json\/wp\/v2\/users\/2"}],"replies":[{"embeddable":true,"href":"https:\/\/www.psc-psoe.es\/index.php\/wp-json\/wp\/v2\/comments?post=1336"}],"version-history":[{"count":0,"href":"https:\/\/www.psc-psoe.es\/index.php\/wp-json\/wp\/v2\/posts\/1336\/revisions"}],"wp:featuredmedia":[{"embeddable":true,"href":"https:\/\/www.psc-psoe.es\/index.php\/wp-json\/wp\/v2\/media\/1337"}],"wp:attachment":[{"href":"https:\/\/www.psc-psoe.es\/index.php\/wp-json\/wp\/v2\/media?parent=1336"}],"wp:term":[{"taxonomy":"category","embeddable":true,"href":"https:\/\/www.psc-psoe.es\/index.php\/wp-json\/wp\/v2\/categories?post=1336"},{"taxonomy":"post_tag","embeddable":true,"href":"https:\/\/www.psc-psoe.es\/index.php\/wp-json\/wp\/v2\/tags?post=1336"}],"curies":[{"name":"wp","href":"https:\/\/api.w.org\/{rel}","templated":true}]}}